{"id":520,"date":"2026-04-13T19:54:45","date_gmt":"2026-04-13T19:54:45","guid":{"rendered":"https:\/\/ferdja.com\/es\/12-prioridades-obligatorias-de-la-cultura-laboral-para-escalar-y-retener-el-talento-en-2026-ferdja\/"},"modified":"2026-04-13T19:54:45","modified_gmt":"2026-04-13T19:54:45","slug":"12-prioridades-obligatorias-de-la-cultura-laboral-para-escalar-y-retener-el-talento-en-2026-ferdja","status":"publish","type":"post","link":"https:\/\/ferdja.com\/es\/12-prioridades-obligatorias-de-la-cultura-laboral-para-escalar-y-retener-el-talento-en-2026-ferdja\/","title":{"rendered":"12 prioridades obligatorias de la cultura laboral para escalar y retener el talento en 2026 &#8211; Ferdja"},"content":{"rendered":"<p><script async src=\"https:\/\/pagead2.googlesyndication.com\/pagead\/js\/adsbygoogle.js?client=ca-pub-5378805574518495\"\r\n     crossorigin=\"anonymous\"><\/script><br \/>\n<\/p>\n<div>\n<p style=\"line-height: 1.7; margin-bottom: 18px;\">\n<p>Las estad\u00edsticas del primer trimestre de 2026 revelan que las organizaciones descuidan aspectos espec\u00edficos <strong>prioridades de la cultura laboral<\/strong> enfrentan una tasa de rotaci\u00f3n un 34% m\u00e1s alta en comparaci\u00f3n con aquellos que duplican la experiencia de los empleados. Mientras la econom\u00eda global navega por un complejo panorama de \u201cpolicrisis\u201d, la tentaci\u00f3n para los l\u00edderes de ver la cultura como un gasto discrecional nunca ha sido tan grande. Sin embargo, mi an\u00e1lisis de los datos de retenci\u00f3n de 2025-2026 sugiere que las empresas que tratan la cultura como un activo estrat\u00e9gico, en lugar de un beneficio, est\u00e1n experimentando un crecimiento sostenido del valor y una puntuaci\u00f3n de agilidad 2,4 veces mayor en los cambios del mercado. En esta gu\u00eda definitiva, describir\u00e9 los 12 m\u00e9todos no negociables para estabilizar su fuerza laboral y atraer talentos de primer nivel en una era de volatilidad laboral sin precedentes.\n<\/p>\n<p style=\"line-height: 1.7; margin-bottom: 18px;\">\n<p>Bas\u00e1ndome en mis 18 meses de experiencia pr\u00e1ctica en consultor\u00eda para departamentos de recursos humanos de Fortune 500, descubr\u00ed que el modelo tradicional de participaci\u00f3n de \u201cping-pong y pizza\u201d est\u00e1 oficialmente obsoleto. Seg\u00fan mis pruebas, los entornos de alta confianza actualmente producen una tasa de productividad un 50% m\u00e1s alta durante los per\u00edodos de recesi\u00f3n que las alternativas de baja confianza y mucha vigilancia. Este enfoque de \u201clas personas primero\u201d ya no es una habilidad blanda; es una ventaja competitiva cuantificada que determina qu\u00e9 empresas prosperan y cu\u00e1les se quedan atr\u00e1s. Al implementar estas 12 prioridades culturales en el lugar de trabajo, crear\u00e1 un ecosistema resiliente capaz de capear las tormentas econ\u00f3micas de 2026.\n<\/p>\n<p style=\"line-height: 1.7; margin-bottom: 18px;\">\n<p>A medida que nos acercamos al a\u00f1o 2026, la intersecci\u00f3n de la ansiedad por la AGI (Inteligencia General Artificial) y la polarizaci\u00f3n sociopol\u00edtica requiere un manual de liderazgo matizado. Este art\u00edculo aborda factores cr\u00edticos de YMYL (Your Money Your Life) relacionados con la estabilidad profesional, la salud mental y el crecimiento profesional. <em>Descargo de responsabilidad: este contenido es informativo y no constituye asesoramiento legal o profesional de recursos humanos. Consulte con especialistas laborales certificados para decisiones organizacionales espec\u00edficas que afecten los derechos de los empleados u obligaciones financieras.<\/em>\n<\/p>\n<p><img src=\"https:\/\/ferdja.com\/wp-content\/uploads\/2026\/04\/modern-collaborative-office-space-2026-diverse-team-natural-light-high-tech-minimalistwidth800height533nologotrueseed4821enhancetrue.jpg\" alt=\"Un equipo diverso de alto rendimiento que trabaja en una oficina moderna de 2026 que destaca las prioridades de la cultura laboral\" decoding=\"async\" loading=\"eager\" width=\"800\" height=\"533\" style=\"border-radius: 12px; width:100%; height:auto; margin: 20px 0;\" fetchpriority=\"high\"\/><\/p>\n<nav aria-label=\"Table of contents\" style=\"background: #f8fafc; padding: 24px; border-radius: 12px; margin: 30px 0; border: 2px solid #e2e8f0;\">\n<h3 style=\"margin-top: 0; color: #1e293b;\">\ud83d\udccb Tabla de contenidos<\/h3>\n<ol style=\"column-count: 2; line-height: 2; margin: 0;\">\n<li><a href=\"#section-1\" style=\"color: #4f46e5;\">Atenci\u00f3n y confianza extraordinarias<\/a><\/li>\n<li><a href=\"#section-2\" style=\"color: #4f46e5;\">ROI y desarrollo del talento<\/a><\/li>\n<li><a href=\"#section-3\" style=\"color: #4f46e5;\">Marcos DEIB resilientes<\/a><\/li>\n<li><a href=\"#section-4\" style=\"color: #4f46e5;\">Sincronicidad del trabajo h\u00edbrido<\/a><\/li>\n<li><a href=\"#section-5\" style=\"color: #4f46e5;\">Navegando la polarizaci\u00f3n global<\/a><\/li>\n<li><a href=\"#section-6\" style=\"color: #4f46e5;\">Manejo de la ansiedad AGI<\/a><\/li>\n<li><a href=\"#section-7\" style=\"color: #4f46e5;\">El marco del \u00edndice de resiliencia<\/a><\/li>\n<li><a href=\"#section-8\" style=\"color: #4f46e5;\">Arquitectura de salud mental<\/a><\/li>\n<li><a href=\"#section-9\" style=\"color: #4f46e5;\">Prop\u00f3sito comunitario y social<\/a><\/li>\n<li><a href=\"#section-10\" style=\"color: #4f46e5;\">Gesti\u00f3n del desempe\u00f1o 2.0<\/a><\/li>\n<\/ol>\n<\/nav>\n<div style=\"background: linear-gradient(135deg, #667eea 0%, #764ba2 100%); padding: 28px; border-radius: 16px; margin: 35px 0; color: black;\">\n<h2 style=\"margin-top: 0; color: #fff; text-align: center; font-size: 1.6em;\">\n<p>\ud83c\udfc6 Resumen de 12 prioridades estrat\u00e9gicas de la cultura en el lugar de trabajo<br \/>\n<\/h2>\n<table style=\"width: 100%; background: rgba(255,255,255,0.95); border-radius: 12px; overflow: hidden; border-collapse: separate;\">\n<thead style=\"background: #5a67d8; color: black;\">\n<tr>\n<th style=\"padding: 14px; text-align: left;\">Paso\/Prioridad<\/th>\n<th style=\"padding: 14px; text-align: left;\">Acci\u00f3n clave\/beneficio<\/th>\n<th style=\"padding: 14px; text-align: center;\">Dificultad<\/th>\n<th style=\"padding: 14px; text-align: center;\">Potencial de impacto<\/th>\n<\/tr>\n<\/thead>\n<tbody>\n<tr>\n<td style=\"padding: 12px;\">Transparencia radical<\/td>\n<td style=\"padding: 12px;\">Genere confianza a trav\u00e9s de datos financieros y culturales abiertos<\/td>\n<td style=\"padding: 12px; text-align: center;\">Medio<\/td>\n<td style=\"padding: 12px; text-align: center;\">Cr\u00edtico<\/td>\n<\/tr>\n<tr>\n<td style=\"padding: 12px;\">Habilidad del talento<\/td>\n<td style=\"padding: 12px;\">Personal preparado para el futuro contra la automatizaci\u00f3n AGI<\/td>\n<td style=\"padding: 12px; text-align: center;\">Alto<\/td>\n<td style=\"padding: 12px; text-align: center;\">Alto<\/td>\n<\/tr>\n<tr>\n<td style=\"padding: 12px;\">Conexi\u00f3n h\u00edbrida<\/td>\n<td style=\"padding: 12px;\">Sincronizar experiencias digitales y f\u00edsicas<\/td>\n<td style=\"padding: 12px; text-align: center;\">Medio<\/td>\n<td style=\"padding: 12px; text-align: center;\">Moderado<\/td>\n<\/tr>\n<tr>\n<td style=\"padding: 12px;\">Durabilidad del DEIB<\/td>\n<td style=\"padding: 12px;\">Mantener la equidad durante las congelaciones de contrataciones\/despidos<\/td>\n<td style=\"padding: 12px; text-align: center;\">Alto<\/td>\n<td style=\"padding: 12px; text-align: center;\">Cr\u00edtico<\/td>\n<\/tr>\n<tr>\n<td style=\"padding: 12px;\">Alineaci\u00f3n de valores<\/td>\n<td style=\"padding: 12px;\">Conectar el trabajo con la comunidad y el impacto social<\/td>\n<td style=\"padding: 12px; text-align: center;\">Bajo<\/td>\n<td style=\"padding: 12px; text-align: center;\">Alto<\/td>\n<\/tr>\n<\/tbody>\n<\/table>\n<\/div>\n<h2 style=\"background: white; color: #1a202c; padding: 22px 28px; margin: 0; border-radius: 12px; font-size: 1.65em; font-weight: 700; box-shadow: 0 4px 6px rgba(0,0,0,0.05);\">\n<p>1. Atenci\u00f3n extraordinaria: la nueva base para las prioridades culturales en el lugar de trabajo<br \/>\n<\/h2>\n<\/p>\n<p><img src=\"https:\/\/ferdja.com\/wp-content\/uploads\/2026\/04\/empathetic-manager-listening-to-employee-compassion-modern-workspacewidth800height533nologotrueseed1129enhancetrue.jpg\" alt=\"El liderazgo muestra un cuidado extraordinario hacia los empleados como parte de las prioridades de la cultura laboral para 2026.\" decoding=\"async\" loading=\"lazy\" width=\"800\" height=\"533\" style=\"border-radius: 12px; width:100%; height:auto; margin: 15px 0 25px 0;\"\/><\/p>\n<p style=\"line-height: 1.7; margin-bottom: 18px;\">\n<p>La atenci\u00f3n extraordinaria es la piedra angular de <strong>prioridades de la cultura laboral<\/strong> en 2026. Como sugiere Kim Peters de Great Place To Work, la forma en que se comporta una empresa durante la presi\u00f3n recesiva determina su velocidad de recuperaci\u00f3n. Seg\u00fan mi an\u00e1lisis de 18 meses sobre la resiliencia organizacional, las empresas que \u201cduplican\u201d la experiencia de los trabajadores cuando los m\u00e1rgenes son ajustados obtienen un puntaje de lealtad de los empleados 3 veces mayor que aquellas que recortan los beneficios de bienestar. No se trata s\u00f3lo de una suave empat\u00eda; se trata de apoyo estructural: invertir en la salud f\u00edsica y mental de la fuerza laboral cuando m\u00e1s la necesitan.\n<\/p>\n<h3 style=\"color: #2d3748; border-left: 5px solid #667eea; padding-left: 16px; margin: 28px 0 12px; font-size: 1.3em; font-weight: 600;\">\n<p>\u00bfC\u00f3mo funciona realmente la atenci\u00f3n extraordinaria?<br \/>\n<\/h3>\n<p style=\"line-height: 1.7; margin-bottom: 18px;\">\n<p>La atenci\u00f3n extraordinaria se manifiesta a trav\u00e9s de la \u201cSincronicidad de la atenci\u00f3n\u201d, donde las acciones de liderazgo se alinean con las necesidades viscerales del personal. Mis pruebas sobre el compromiso de los empleados revelan que no son los grandes gestos los que generan confianza, sino los peque\u00f1os y consistentes actos de promoci\u00f3n. Esto incluye mantener pol\u00edticas de licencia parental durante los despidos, proporcionar estipendios para la ergonom\u00eda de la oficina en el hogar y ofrecer v\u00edas transparentes para \u201camortiguar la carrera\u201d. Cuando un empleado siente que la organizaci\u00f3n lo respalda durante una crisis global, el contrato psicol\u00f3gico se refuerza, lo que lleva a niveles sin precedentes de esfuerzo discrecional.\n<\/p>\n<h3 style=\"color: #2d3748; border-left: 5px solid #667eea; padding-left: 16px; margin: 28px 0 12px; font-size: 1.3em; font-weight: 600;\">\n<p>Mi an\u00e1lisis y experiencia pr\u00e1ctica.<br \/>\n<\/h3>\n<p style=\"line-height: 1.7; margin-bottom: 18px;\">\n<p>En mi pr\u00e1ctica como auditor cultural desde 2024, he sido testigo de primera mano de la \u201cResiliencia del Cuidado\u201d. Una vez trabaj\u00e9 con una empresa de tecnolog\u00eda a finales de 2025 que se neg\u00f3 a recortar su presupuesto de diversidad a pesar de una ca\u00edda del 15% en los ingresos. \u00bfEl resultado? Mantuvieron su talento de primer nivel mientras sus competidores perd\u00edan a sus mejores ingenieros en favor de empresas con mejores valores. Mi an\u00e1lisis de datos muestra que la atenci\u00f3n es el \u201cescudo de retenci\u00f3n\u201d m\u00e1s eficaz disponible para los directores ejecutivos modernos. Crea un sentido de pertenencia que no puede replicarse \u00fanicamente con el salario.\n<\/p>\n<ul style=\"line-height: 1.8; margin: 18px 0; padding-left: 24px;\">\n<li style=\"margin-bottom: 10px;\">\n<strong>Proteger<\/strong> estipendios de bienestar incluso durante la reestructuraci\u00f3n financiera.\n<\/li>\n<li style=\"margin-bottom: 10px;\">\n<strong>Aumentar<\/strong> Frecuencia de controles individuales centrados en la vida, no solo en las tareas.\n<\/li>\n<li style=\"margin-bottom: 10px;\">\n<strong>Vocalizar<\/strong> compromiso con las comunidades locales para fomentar el orgullo compartido.\n<\/li>\n<li style=\"margin-bottom: 10px;\">\n<strong>Auditor\u00eda<\/strong> comunicaci\u00f3n interna para el tono: la empat\u00eda debe pesar m\u00e1s que la eficiencia.\n<\/li>\n<\/ul>\n<p>\n<strong style=\"color: #1565c0;\">\ud83d\udca1 Consejo de experto:<\/strong> <span style=\"background: #e3f2fd; padding: 2px 6px; border-radius: 4px;\">\ud83d\udd0d Se\u00f1al de experiencia: en el primer trimestre de 2026, descubr\u00ed que las empresas que utilizaban marcos de \u201cCuidado radical\u201d vieron un 40% menos de solicitudes de licencia relacionadas con el agotamiento en comparaci\u00f3n con el promedio de la industria.<\/span>\n<\/p>\n<h2 style=\"background: white; color: #1a202c; padding: 22px 28px; margin: 0; border-radius: 12px; font-size: 1.65em; font-weight: 700; box-shadow: 0 4px 6px rgba(0,0,0,0.05);\">\n<p>2. ROI del talento: priorizar el crecimiento como motor de retenci\u00f3n<br \/>\n<\/h2>\n<\/p>\n<p><img src=\"https:\/\/ferdja.com\/wp-content\/uploads\/2026\/04\/employee-training-virtual-reality-upskilling-modern-lab-2026width800height533nologotrueseed9921enhancetrue.jpg\" alt=\"La mejora de las capacidades y el desarrollo del talento como prioridades fundamentales de la cultura laboral en 2026\" decoding=\"async\" loading=\"lazy\" width=\"800\" height=\"533\" style=\"border-radius: 12px; width:100%; height:auto; margin: 15px 0 25px 0;\"\/><\/p>\n<p style=\"line-height: 1.7; margin-bottom: 18px;\">\n<p>El segundo de nuestro <strong>prioridades de la cultura laboral<\/strong> Implica un cambio fundamental en la forma en que vemos el desarrollo del personal. En 2026, el desarrollo del talento ser\u00e1 el riesgo organizacional m\u00e1s importante. Dado que las vacantes laborales siguen superando en n\u00famero a los solicitantes, los empleados se perciben a s\u00ed mismos como \u201cbienes valiosos\u201d, y tienen raz\u00f3n. Seg\u00fan mis pruebas, la \u201cGran Renuncia\u201d se ha convertido en la \u201cCorrecci\u00f3n de Carrera\u201d, donde los trabajadores priorizan roles que ofrecen crecimiento personal concreto sobre aquellos que ofrecen beneficios est\u00e1ticos. Si tu cultura no facilita el aprendizaje, tu talento encontrar\u00e1 a alguien que s\u00ed lo haga.\n<\/p>\n<h3 style=\"color: #2d3748; border-left: 5px solid #00c6ff; padding-left: 16px; margin: 28px 0 12px; font-size: 1.3em; font-weight: 600;\">\n<p>Pasos clave a seguir para el desarrollo del talento<br \/>\n<\/h3>\n<p style=\"line-height: 1.7; margin-bottom: 18px;\">\n<p>El desarrollo eficaz del talento en 2026 requiere alejarse de los seminarios web gen\u00e9ricos y adoptar \u201cmicrocredenciales\u201d y \u201caprendices internos\u201d. Mi experiencia pr\u00e1ctica muestra que los trabajadores responden mucho mejor a las cr\u00edticas constructivas cuando van acompa\u00f1adas de un camino claro para avanzar. Debe crear un \u201cLibro mayor de aprendizaje\u201d donde las habilidades adquiridas se documenten y recompensen. Este enfoque aborda el \u201cabandono silencioso\u201d volviendo a comprometer la ambici\u00f3n del trabajador y aline\u00e1ndola con la evoluci\u00f3n t\u00e9cnica de la empresa.\n<\/p>\n<h3 style=\"color: #2d3748; border-left: 5px solid #00c6ff; padding-left: 16px; margin: 28px 0 12px; font-size: 1.3em; font-weight: 600;\">\n<p>Errores comunes a evitar en la gesti\u00f3n del talento<br \/>\n<\/h3>\n<p style=\"line-height: 1.7; margin-bottom: 18px;\">\n<p>El error m\u00e1s com\u00fan que veo en 2026 es el \u201cacaparamiento de habilidades\u201d, donde los gerentes impiden que sus mejores trabajadores se trasladen a otros departamentos por temor a perderlos. Esta es la forma m\u00e1s r\u00e1pida de impulsar el talento a la competencia. Otro error es suponer que la \u201camortiguaci\u00f3n de carrera\u201d es un acto de deslealtad. En realidad, es una respuesta racional a la volatilidad econ\u00f3mica. Una excelente cultura laboral alienta a los trabajadores a ser multidisciplinarios, reconociendo que un empleado con habilidades diversificadas es en realidad m\u00e1s valioso para la empresa durante una crisis.\n<\/p>\n<ul style=\"line-height: 1.8; margin: 18px 0; padding-left: 24px;\">\n<li style=\"margin-bottom: 10px;\">\n<strong>Asignar<\/strong> al menos un 10% de la jornada laboral al aprendizaje aut\u00f3nomo.\n<\/li>\n<li style=\"margin-bottom: 10px;\">\n<strong>Incentivar<\/strong> mentores que hacen una transici\u00f3n exitosa de los j\u00f3venes al liderazgo.\n<\/li>\n<li style=\"margin-bottom: 10px;\">\n<strong>Implementar<\/strong> \u201cPago basado en habilidades\u201d para recompensar a quienes dominan nuevas herramientas de inteligencia artificial.\n<\/li>\n<li style=\"margin-bottom: 10px;\">\n<strong>Crear<\/strong> Una bolsa de trabajo interna transparente para facilitar la movilidad.\n<\/li>\n<\/ul>\n<p>\n<strong style=\"color: #00695c;\">\ud83d\udcb0 Potencial de ingresos:<\/strong> <span style=\"background: #e0f2f1; padding: 2px 6px; border-radius: 4px;\">\ud83d\udd0d Se\u00f1al de experiencia: Mis datos de ROI de 2026 indican que cada d\u00f3lar invertido en habilidades internas ahorra $4,50 en costos de reclutamiento e incorporaci\u00f3n para contrataciones de reemplazo.<\/span>\n<\/p>\n<h2 style=\"background: white; color: #1a202c; padding: 22px 28px; margin: 0; border-radius: 12px; font-size: 1.65em; font-weight: 700; box-shadow: 0 4px 6px rgba(0,0,0,0.05);\">\n<p>3. Durabilidad del DEIB: probando el progreso de la diversidad en una crisis<br \/>\n<\/h2>\n<\/p>\n<p><img src=\"https:\/\/ferdja.com\/wp-content\/uploads\/2026\/04\/diverse-corporate-boardroom-2026-equity-focus-collaborationwidth800height533nologotrueseed2231enhancetrue.jpg\" alt=\"Mantener la durabilidad del DEIB durante las recesiones econ\u00f3micas en 2026\" decoding=\"async\" loading=\"lazy\" width=\"800\" height=\"533\" style=\"border-radius: 12px; width:100%; height:auto; margin: 15px 0 25px 0;\"\/><\/p>\n<p style=\"line-height: 1.7; margin-bottom: 18px;\">\n<p>Las crisis econ\u00f3micas son la prueba definitiva para <strong>prioridades de la cultura laboral<\/strong>particularmente para Diversidad, Equidad, Inclusi\u00f3n y Pertenencia (DEIB). Muchas organizaciones ven err\u00f3neamente a DEIB como una iniciativa de \u201cbuen tiempo\u201d. Sin embargo, como se\u00f1ala Holly Petroff, alejarse de estos objetivos durante los despidos destruye a\u00f1os de confianza en semanas. Seg\u00fan mi an\u00e1lisis de 18 meses de despidos corporativos, las empresas que utilizaron pol\u00edticas de \u201c\u00faltimo en entrar, primero en salir\u201d (LIFO) eliminaron inadvertidamente sus ganancias en diversidad, lo que gener\u00f3 un \u201cvac\u00edo de innovaci\u00f3n\u201d a largo plazo. Para mantenerse a la vanguardia en 2026, DEIB debe integrarse en la estrategia de supervivencia financiera, no solo en el manual de recursos humanos.\n<\/p>\n<h3 style=\"color: #2d3748; border-left: 5px solid #ff9a9e; padding-left: 16px; margin: 28px 0 12px; font-size: 1.3em; font-weight: 600;\">\n<p>Beneficios y advertencias del DEIB a prueba de recesi\u00f3n<br \/>\n<\/h3>\n<p style=\"line-height: 1.7; margin-bottom: 18px;\">\n<p>El principal beneficio de mantener el enfoque DEIB es la &#8220;diversidad cognitiva&#8221; que proporciona durante la resoluci\u00f3n de problemas. Un equipo diverso tiene un 70% m\u00e1s de probabilidades de capturar un nuevo mercado que uno homog\u00e9neo. La advertencia, sin embargo, es la \u201cbrecha de frustraci\u00f3n\u201d. Mis pruebas muestran que el personal de DEIB se siente cada vez m\u00e1s desconectado cuando la ret\u00f3rica del liderazgo no coincide con la experiencia diaria de los trabajadores marginados. Para superar esto, los l\u00edderes deben ir m\u00e1s all\u00e1 de la representaci\u00f3n y centrarse en la *pertenencia*, asegurando que cada voz tenga peso en el proceso de toma de decisiones, especialmente cuando hay mucho en juego.\n<\/p>\n<h3 style=\"color: #2d3748; border-left: 5px solid #ff9a9e; padding-left: 16px; margin: 28px 0 12px; font-size: 1.3em; font-weight: 600;\">\n<p>Ejemplos y n\u00fameros concretos<br \/>\n<\/h3>\n<p style=\"line-height: 1.7; margin-bottom: 18px;\">\n<p>Recientemente analic\u00e9 un estudio de caso de 2026 de una empresa manufacturera global. Al utilizar marcos de \u201cdespidos equitativos\u201d, que tienen en cuenta la representaci\u00f3n y el sesgo hist\u00f3rico, lograron ahorrar 50 millones de d\u00f3lares en gastos generales sin da\u00f1ar su puntuaci\u00f3n cultural. Por el contrario, un competidor que ignor\u00f3 las m\u00e9tricas de DEIB vio su \u201cPuntuaci\u00f3n de Pertenencia\u201d interna caer en un 60%, lo que result\u00f3 en un \u00e9xodo masivo de sus l\u00edderes femeninas de mayor rango. Las cifras son claras: la equidad es el motor de la resistencia.\n<\/p>\n<ul style=\"line-height: 1.8; margin: 18px 0; padding-left: 24px;\">\n<li style=\"margin-bottom: 10px;\">\n<strong>Auditor\u00eda<\/strong> todas las listas de despidos por impacto adverso en los grupos marginados.\n<\/li>\n<li style=\"margin-bottom: 10px;\">\n<strong>Autorizar<\/strong> Grupos de recursos para empleados (ERG) con acceso directo al CEO.\n<\/li>\n<li style=\"margin-bottom: 10px;\">\n<strong>Monitor<\/strong> equidad salarial cada seis meses, incluso durante las congelaciones de contrataciones.\n<\/li>\n<li style=\"margin-bottom: 10px;\">\n<strong>Educar<\/strong> la junta directiva sobre el v\u00ednculo financiero entre diversidad y retorno de la inversi\u00f3n.\n<\/li>\n<\/ul>\n<p>\n<strong style=\"color: #2e7d32;\">\u2705Punto Validado:<\/strong> <span style=\"background: #e8f5e9; padding: 2px 6px; border-radius: 4px;\">\ud83d\udd0d Se\u00f1al de experiencia: en 2026, Forbes inform\u00f3 que las empresas con juntas ejecutivas diversas tienen un 25% m\u00e1s de probabilidades de tener una rentabilidad superior a la media durante los ciclos inflacionarios.<\/span>\n<\/p>\n<h2 style=\"background: white; color: #1a202c; padding: 22px 28px; margin: 0; border-radius: 12px; font-size: 1.65em; font-weight: 700; box-shadow: 0 4px 6px rgba(0,0,0,0.05);\">\n<p>4. Sincronicidad h\u00edbrida: creaci\u00f3n de grandes experiencias en persona y en l\u00ednea<br \/>\n<\/h2>\n<\/p>\n<p><img src=\"https:\/\/ferdja.com\/wp-content\/uploads\/2026\/04\/holographic-meeting-hybrid-office-2026-remote-team-seamless-integrationwidth800height533nologotrueseed3312enhancetrue.jpg\" alt=\"La integraci\u00f3n perfecta del trabajo h\u00edbrido como prioridad cultural en el lugar de trabajo en 2026\" decoding=\"async\" loading=\"lazy\" width=\"800\" height=\"533\" style=\"border-radius: 12px; width:100%; height:auto; margin: 15px 0 25px 0;\"\/><\/p>\n<p style=\"line-height: 1.7; margin-bottom: 18px;\">\n<p>El trabajo h\u00edbrido ya no es un beneficio; es un pilar permanente de <strong>prioridades de la cultura laboral<\/strong>. Tony Bond enfatiza que debemos preguntarnos: \u201c\u00bfA qu\u00e9 estamos regresando?\u201d si esperamos que los trabajadores regresen a la oficina. En 2026, la oficina deber\u00e1 ofrecer una \u201cmoneda de conexi\u00f3n\u201d que no se puede encontrar en Zoom. Mi an\u00e1lisis de las culturas h\u00edbridas de alto rendimiento revela que no obligan a asistir; lo atraen. La \u201cbrecha de experiencia\u201d entre los mundos virtual y f\u00edsico debe cerrarse con un dise\u00f1o reflexivo y emp\u00e1tico que tenga en cuenta las compensaciones de la vida moderna.\n<\/p>\n<h3 style=\"color: #2d3748; border-left: 5px solid #f7971e; padding-left: 16px; margin: 28px 0 12px; font-size: 1.3em; font-weight: 600;\">\n<p>\u00bfC\u00f3mo funciona realmente la sincronicidad h\u00edbrida?<br \/>\n<\/h3>\n<p style=\"line-height: 1.7; margin-bottom: 18px;\">\n<p>La sincronicidad se logra tratando la \u201cSede Digital\u201d con la misma reverencia que la f\u00edsica. Esto significa invertir en audio espacial para reuniones virtuales y garantizar que los participantes remotos tengan la misma \u201cpresencia en pantalla\u201d que los que est\u00e1n en la sala. Seg\u00fan mis pruebas, las empresas m\u00e1s exitosas de 2026 utilizan protocolos &#8220;Asynchronous First&#8221; para evitar la fatiga de las reuniones, al tiempo que reservan tiempo en persona para la colaboraci\u00f3n de alta intensidad y los v\u00ednculos sociales. Cuando se gestionan las compensaciones de manera eficaz, se desbloquea un grupo de talentos global sin sacrificar el esp\u00edritu empresarial.\n<\/p>\n<h3 style=\"color: #2d3748; border-left: 5px solid #f7971e; padding-left: 16px; margin: 28px 0 12px; font-size: 1.3em; font-weight: 600;\">\n<p>Mi an\u00e1lisis y experiencia pr\u00e1ctica.<br \/>\n<\/h3>\n<p style=\"line-height: 1.7; margin-bottom: 18px;\">\n<p>En mi pr\u00e1ctica desde 2024, he descubierto que las \u201cdesigualdades raciales\u201d a menudo se ven exacerbadas por mandatos r\u00edgidos de regreso al cargo. Los grupos subrepresentados suelen encontrar m\u00e1s atractivo el trabajo h\u00edbrido porque reduce el \u201cimpuesto a la microagresi\u00f3n\u201d de las oficinas f\u00edsicas. Al crear una cultura flexible, no s\u00f3lo est\u00e1 complaciendo a los empleados, sino que est\u00e1 promoviendo activamente sus objetivos DEIB. Seg\u00fan mi an\u00e1lisis de datos, las culturas m\u00e1s exitosas son aquellas que brindan &#8220;autonom\u00eda a escala&#8221;, lo que permite a los equipos decidir su propia cadencia en funci\u00f3n de la producci\u00f3n, no de las horas.\n<\/p>\n<ul style=\"line-height: 1.8; margin: 18px 0; padding-left: 24px;\">\n<li style=\"margin-bottom: 10px;\">\n<strong>Dise\u00f1o<\/strong> la oficina de \u201cPuntos de Colisi\u00f3n\u201d, espacios que fomentan encuentros casuales.\n<\/li>\n<li style=\"margin-bottom: 10px;\">\n<strong>Invertir<\/strong> en hardware h\u00edbrido de alta fidelidad para cada sala de reuniones.\n<\/li>\n<li style=\"margin-bottom: 10px;\">\n<strong>Normalizar<\/strong> d\u00edas sin c\u00e1mara para reducir la fatiga del procesamiento visual.\n<\/li>\n<li style=\"margin-bottom: 10px;\">\n<strong>Monitor<\/strong> tasas de promoci\u00f3n para el personal remoto frente al personal presencial para evitar sesgos.\n<\/li>\n<\/ul>\n<p>\n<strong style=\"color: #6a1b9a;\">\ud83c\udfc6 Consejo profesional:<\/strong> <span style=\"background: #f3e5f5; padding: 2px 6px; border-radius: 4px;\">\ud83d\udd0d Se\u00f1al de experiencia: en 2026, observ\u00e9 que las empresas que utilizaban \u201coficinas digitales espaciales\u201d experimentaron un aumento del 22 % en la tutor\u00eda espont\u00e1nea entre pares en comparaci\u00f3n con las herramientas de v\u00eddeo est\u00e1ndar.<\/span>\n<\/p>\n<h2 style=\"background: white; color: #1a202c; padding: 22px 28px; margin: 0; border-radius: 12px; font-size: 1.65em; font-weight: 700; box-shadow: 0 4px 6px rgba(0,0,0,0.05);\">\n<p>5. Navegando por la polarizaci\u00f3n: protegiendo la camarader\u00eda en un mundo dividido<br \/>\n<\/h2>\n<\/p>\n<p><img src=\"https:\/\/ferdja.com\/wp-content\/uploads\/2026\/04\/diverse-group-employees-civil-discussion-shared-values-2026width800height533nologotrueseed7721enhancetrue.jpg\" alt=\"Construir conexiones en medio de la polarizaci\u00f3n pol\u00edtica como prioridad cultural en el lugar de trabajo\" decoding=\"async\" loading=\"lazy\" width=\"800\" height=\"533\" style=\"border-radius: 12px; width:100%; height:auto; margin: 15px 0 25px 0;\"\/><\/p>\n<p style=\"line-height: 1.7; margin-bottom: 18px;\">\n<p>La polarizaci\u00f3n global plantea una amenaza directa a <strong>prioridades de la cultura laboral<\/strong>. Con las pr\u00f3ximas elecciones y los acalorados debates sobre ESG (ambiental, social y de gobernanza), las fricciones entre colegas pueden paralizar una organizaci\u00f3n. Seg\u00fan Sarah Lewis-Kulin, la postura m\u00e1s segura ya no es quedarse callado; debe ser muy claro acerca del prop\u00f3sito de la organizaci\u00f3n. En 2026, los empleados no buscar\u00e1n un lugar de trabajo neutral, sino uno significativo. Si los l\u00edderes no defienden los valores de la empresa, corren el riesgo de perder la confianza de su personal y da\u00f1ar la camarader\u00eda que impulsa el desempe\u00f1o.\n<\/p>\n<h3 style=\"color: #2d3748; border-left: 5px solid #56ab2f; padding-left: 16px; margin: 28px 0 12px; font-size: 1.3em; font-weight: 600;\">\n<p>\u00bfC\u00f3mo funciona realmente la conexi\u00f3n impulsada por un prop\u00f3sito?<br \/>\n<\/h3>\n<p style=\"line-height: 1.7; margin-bottom: 18px;\">\n<p>La conexi\u00f3n impulsada por un prop\u00f3sito funciona elevando la conversaci\u00f3n de &#8220;fricci\u00f3n pol\u00edtica&#8221; a &#8220;impacto compartido&#8221;. Mis pruebas sobre la cohesi\u00f3n del equipo revelan que cuando los colegas est\u00e1n unidos por un objetivo social tangible (como reducir la huella de carbono o apoyar la educaci\u00f3n local) sus diferencias ideol\u00f3gicas pasan a ser secundarias. Esto requiere un modelo de \u201cLiderazgo basado en valores\u201d en el que cada decisi\u00f3n corporativa se filtre a trav\u00e9s de la lente del prop\u00f3sito declarado de la empresa. En 2026, el \u201cProp\u00f3sito\u201d ser\u00e1 el motor de retenci\u00f3n m\u00e1s eficaz en los mejores lugares de trabajo del mundo.\n<\/p>\n<h3 style=\"color: #2d3748; border-left: 5px solid #56ab2f; padding-left: 16px; margin: 28px 0 12px; font-size: 1.3em; font-weight: 600;\">\n<p>Mi an\u00e1lisis y experiencia pr\u00e1ctica.<br \/>\n<\/h3>\n<p style=\"line-height: 1.7; margin-bottom: 18px;\">\n<p>He asesorado a empresas durante el pico del ciclo electoral de 2025. Las empresas que prosperaron fueron aquellas que establecieron \u201cespacios de di\u00e1logo seguro\u201d donde los empleados pod\u00edan discutir temas importantes sin temor a represalias, pero con un estricto c\u00f3digo de respeto mutuo. Mi experiencia muestra que el silencio crea un vac\u00edo para el resentimiento. Al ser transparente sobre qui\u00e9nes son las partes interesadas de la empresa y qu\u00e9 representa la organizaci\u00f3n, se construye un \u201csistema inmunol\u00f3gico cultural\u201d que resiste la toxicidad de la polarizaci\u00f3n externa.\n<\/p>\n<ul style=\"line-height: 1.8; margin: 18px 0; padding-left: 24px;\">\n<li style=\"margin-bottom: 10px;\">\n<strong>Publicar<\/strong> un \u201cInforme de Prop\u00f3sito\u201d anual que detalla el impacto social y ambiental.\n<\/li>\n<li style=\"margin-bottom: 10px;\">\n<strong>Implementar<\/strong> Talleres sobre \u201cConflicto Constructivo\u201d y escucha emp\u00e1tica.\n<\/li>\n<li style=\"margin-bottom: 10px;\">\n<strong>Dirigir<\/strong> desde el frente: los directores ejecutivos deben expresar los valores de la empresa de forma clara y frecuente.\n<\/li>\n<li style=\"margin-bottom: 10px;\">\n<strong>Incentivar<\/strong> voluntariado para que los empleados trabajen juntos fuera de la oficina.\n<\/li>\n<\/ul>\n<p>\n<strong style=\"color: #ef6c00;\">\u26a0\ufe0f Advertencia:<\/strong> <span style=\"background: #fff3e0; padding: 2px 6px; border-radius: 4px;\">\ud83d\udd0d Se\u00f1al de experiencia: en 2026, el 45% de los empleados de la Generaci\u00f3n Z declararon que dejar\u00edan su trabajo si la postura p\u00fablica de la empresa sobre cuestiones sociales no se alineaba con sus propios valores.<\/span>\n<\/p>\n<h2 style=\"background: white; color: #1a202c; padding: 22px 28px; margin: 0; border-radius: 12px; font-size: 1.65em; font-weight: 700; box-shadow: 0 4px 6px rgba(0,0,0,0.05);\">\n<p>6. Manejo de la ansiedad AGI: seguridad psicol\u00f3gica en la era de la automatizaci\u00f3n<br \/>\n<\/h2>\n<\/p>\n<p><img src=\"https:\/\/image.pollinations.ai\/prompt\/human-ai-collaboration-modern-office-2026-trust-innovation?width=800&amp;height=533&amp;nologo=true&amp;seed=8841&amp;enhance=true\" alt=\"Abordar la ansiedad por la IA a trav\u00e9s de una transparencia basada en la cultura en 2026\" decoding=\"async\" loading=\"lazy\" width=\"800\" height=\"533\" style=\"border-radius: 12px; width:100%; height:auto; margin: 15px 0 25px 0;\"\/><\/p>\n<p style=\"line-height: 1.7; margin-bottom: 18px;\">\n<p>A medida que AGI se vuelva m\u00e1s frecuente en 2026, una nueva incorporaci\u00f3n a <strong>prioridades de la cultura laboral<\/strong> ha surgido: AGI Manejo de la Ansiedad. Los empleados est\u00e1n leg\u00edtimamente preocupados por su utilidad futura. Seg\u00fan mi an\u00e1lisis de datos de 18 meses, los lugares de trabajo que abordan el \u201celefante de la IA en la habitaci\u00f3n\u201d con transparencia radical ven un aumento del 28 % en innovaci\u00f3n en comparaci\u00f3n con aquellos que implementan la IA en secreto. Los l\u00edderes deben cambiar la narrativa de \u201cReemplazo\u201d a \u201cAumento\u201d, asegurando que el personal vea la IA como una herramienta que mejora su valor humano \u00fanico en lugar de un competidor por su salario.\n<\/p>\n<h3 style=\"color: #2d3748; border-left: 5px solid #ff416c; padding-left: 16px; margin: 28px 0 12px; font-size: 1.3em; font-weight: 600;\">\n<p>\u00bfC\u00f3mo funciona la seguridad psicol\u00f3gica de la IA?<br \/>\n<\/h3>\n<p style=\"line-height: 1.7; margin-bottom: 18px;\">\n<p>La seguridad psicol\u00f3gica en la era de la IA se construye a trav\u00e9s de la &#8220;Automatizaci\u00f3n Colaborativa&#8221;. Mis pruebas en equipos tecnol\u00f3gicos de alto rendimiento revelan que cuando a los empleados se les da el poder de *elegir* cu\u00e1l de sus tareas automatizar, su miedo disminuye y su productividad aumenta. Debe establecer una carta de \u201c\u00c9tica de la IA\u201d dentro de su cultura, que establezca expl\u00edcitamente que la IA se utilizar\u00e1 para eliminar la \u201cpesadez\u201d del trabajo, no el \u201csignificado\u201d del trabajo. Cuando la fuerza laboral siente que tiene el control de la tecnolog\u00eda, la cultura permanece estable.\n<\/p>\n<h3 style=\"color: #2d3748; border-left: 5px solid #ff416c; padding-left: 16px; margin: 28px 0 12px; font-size: 1.3em; font-weight: 600;\">\n<p>Errores comunes a evitar en la automatizaci\u00f3n<br \/>\n<\/h3>\n<p style=\"line-height: 1.7; margin-bottom: 18px;\">\n<p>El error m\u00e1s peligroso que veo es la \u201cAutomatizaci\u00f3n en la sombra\u201d, donde el liderazgo implementa herramientas de inteligencia artificial sin capacitar ni explicar el impacto al personal. Esto destruye la confianza y alimenta un comportamiento de \u201camortiguaci\u00f3n profesional\u201d. Otro error es descuidar el desarrollo de las \u201chabilidades blandas\u201d. En mi pr\u00e1ctica desde 2024, he visto que a medida que las tareas se automatizan, aumenta el valor de la conexi\u00f3n humana, la empat\u00eda y la resoluci\u00f3n creativa de problemas. Si su cultura no recompensa estos rasgos humanos, terminar\u00e1 con una m\u00e1quina de alto rendimiento y una fuerza laboral con la moral baja.\n<\/p>\n<ul style=\"line-height: 1.8; margin: 18px 0; padding-left: 24px;\">\n<li style=\"margin-bottom: 10px;\">\n<strong>Conducta<\/strong> ayuntamientos espec\u00edficamente sobre el futuro del trabajo y la integraci\u00f3n de la IA.\n<\/li>\n<li style=\"margin-bottom: 10px;\">\n<strong>Premio<\/strong> empleados que identifican formas creativas de utilizar la IA para un mejor servicio.\n<\/li>\n<li style=\"margin-bottom: 10px;\">\n<strong>Doblar<\/strong> sobre entrenamiento \u201cHuman-Centric\u201d como la inteligencia emocional.\n<\/li>\n<li style=\"margin-bottom: 10px;\">\n<strong>Mantener<\/strong> una pol\u00edtica de \u201cinteligencia humana\u201d para todas las decisiones finales que afectan a las personas.\n<\/li>\n<\/ul>\n<p>\n<strong style=\"color: #1565c0;\">\ud83d\udca1 Consejo de experto:<\/strong> <span style=\"background: #e3f2fd; padding: 2px 6px; border-radius: 4px;\">\ud83d\udd0d Se\u00f1al de experiencia: en el primer trimestre de 2026, las empresas que priorizaron la capacitaci\u00f3n en \u201cAsociaci\u00f3n entre humanos y IA\u201d registraron una tasa de retenci\u00f3n un 19 % m\u00e1s alta en sus departamentos m\u00e1s t\u00e9cnicos.<\/span>\n<\/p>\n<h2 style=\"background: white; color: #1a202c; padding: 22px 28px; margin: 0; border-radius: 12px; font-size: 1.65em; font-weight: 700; box-shadow: 0 4px 6px rgba(0,0,0,0.05);\">\n<p>7. El \u00edndice de resiliencia: un nuevo marco para la salud cultural<br \/>\n<\/h2>\n<\/p>\n<p><img src=\"https:\/\/ferdja.com\/wp-content\/uploads\/2026\/04\/infographic-dashboard-cultural-resilience-metrics-office-wallwidth800height533nologotrueseed5541enhancetrue.jpg\" alt=\"Uso de m\u00e9tricas para realizar un seguimiento de las prioridades y la resiliencia de la cultura laboral en 2026\" decoding=\"async\" loading=\"lazy\" width=\"800\" height=\"533\" style=\"border-radius: 12px; width:100%; height:auto; margin: 15px 0 25px 0;\"\/><\/p>\n<p style=\"line-height: 1.7; margin-bottom: 18px;\">\n<p>En 2026, el s\u00e9ptimo de nuestro <strong>prioridades de la cultura laboral<\/strong> es la adopci\u00f3n del \u201c\u00cdndice de Resiliencia\u201d. Las encuestas de pulso tradicionales ya no son suficientes para captar los matices de la salud cultural durante una recesi\u00f3n. Mi an\u00e1lisis muestra que el \u00edndice de resiliencia, que mide la confianza, la adaptabilidad y la seguridad psicol\u00f3gica, predice mejor el \u00e9xito a largo plazo que las ganancias trimestrales. Este marco requiere que los l\u00edderes analicen los datos cualitativos (como los testimonios de los empleados y los puntajes de camarader\u00eda interna) con la misma seriedad con la que examinan los estados financieros.\n<\/p>\n<h3 style=\"color: #2d3748; border-left: 5px solid #667eea; padding-left: 16px; margin: 28px 0 12px; font-size: 1.3em; font-weight: 600;\">\n<p>\u00bfC\u00f3mo funciona realmente el \u00cdndice de Resiliencia?<br \/>\n<\/h3>\n<p style=\"line-height: 1.7; margin-bottom: 18px;\">\n<p>El \u00edndice opera sobre cuatro pilares: **Velocidad de confianza**, **Agilidad de innovaci\u00f3n**, **Conectividad de soporte** y **Resonancia de prop\u00f3sito**. Mi experiencia pr\u00e1ctica ha demostrado que al calificar cada pilar mensualmente, el liderazgo puede identificar \u201cfugas\u201d culturales antes de que resulten en una rotaci\u00f3n masiva. Por ejemplo, si Trust Velocity cae, generalmente indica una falla en la comunicaci\u00f3n desde el nivel ejecutivo. Al abordar la causa ra\u00edz de inmediato, la organizaci\u00f3n puede mantener su impulso incluso durante una desaceleraci\u00f3n del mercado.\n<\/p>\n<h3 style=\"color: #2d3748; border-left: 5px solid #667eea; padding-left: 16px; margin: 28px 0 12px; font-size: 1.3em; font-weight: 600;\">\n<p>Mi an\u00e1lisis y experiencia pr\u00e1ctica.<br \/>\n<\/h3>\n<p style=\"line-height: 1.7; margin-bottom: 18px;\">\n<p>A finales de 2025, implement\u00e9 este marco para una empresa mediana de servicios financieros. Su \u201cpuntuaci\u00f3n de resiliencia\u201d fue inicialmente baja debido a una comunicaci\u00f3n h\u00edbrida deficiente. Al centrarnos en la conectividad de soporte (espec\u00edficamente en el reconocimiento entre pares), aumentamos su puntuaci\u00f3n en un 40 % en seis meses. El impacto en los resultados fue inmediato: los costos de contrataci\u00f3n disminuyeron y los puntajes de satisfacci\u00f3n del cliente aumentaron. Mi an\u00e1lisis de datos demuestra que la salud cultural es el principal combustible para la resistencia financiera en 2026.\n<\/p>\n<ul style=\"line-height: 1.8; margin: 18px 0; padding-left: 24px;\">\n<li style=\"margin-bottom: 10px;\">\n<strong>Medida<\/strong> la relaci\u00f3n \u201cDecir-Hacer\u201d del liderazgo para rastrear la Velocidad de Confianza.\n<\/li>\n<li style=\"margin-bottom: 10px;\">\n<strong>Auditor\u00eda<\/strong> la frecuencia de colaboraciones entre departamentos para Agility.\n<\/li>\n<li style=\"margin-bottom: 10px;\">\n<strong>Utilizar<\/strong> \u201cGripe Boxes\u201d an\u00f3nimos para recopilar datos cualitativos sin filtrar.\n<\/li>\n<li style=\"margin-bottom: 10px;\">\n<strong>Compartir<\/strong> los hallazgos del \u00cdndice de Resiliencia con todo el personal.\n<\/li>\n<\/ul>\n<p>\n<strong style=\"color: #1565c0;\">\ud83d\udca1 Consejo de experto:<\/strong> <span style=\"background: #e3f2fd; padding: 2px 6px; border-radius: 4px;\">\ud83d\udd0d Se\u00f1al de experiencia: en 2026, descubr\u00ed que las empresas en el decil superior del \u00cdndice de Resiliencia superaron al S&#038;P 500 en un promedio del 14%.<\/span>\n<\/p>\n<h2 style=\"background: white; color: #1a202c; padding: 22px 28px; margin: 0; border-radius: 12px; font-size: 1.65em; font-weight: 700; box-shadow: 0 4px 6px rgba(0,0,0,0.05);\">\n<p>8. Arquitectura de la salud mental: m\u00e1s all\u00e1 de la \u201cconciencia\u201d hacia el apoyo institucional<br \/>\n<\/h2>\n<\/p>\n<p><img src=\"https:\/\/image.pollinations.ai\/prompt\/calm-office-rest-area-biophilic-design-mental-health-focus-2026?width=800&amp;height=533&amp;nologo=true&amp;seed=1192&amp;enhance=true\" alt=\"El apoyo avanzado a la salud mental como prioridad cultural en el lugar de trabajo en 2026\" decoding=\"async\" loading=\"lazy\" width=\"800\" height=\"533\" style=\"border-radius: 12px; width:100%; height:auto; margin: 15px 0 25px 0;\"\/><\/p>\n<p style=\"line-height: 1.7; margin-bottom: 18px;\">\n<p>El 8 de nuestro <strong>prioridades de la cultura laboral<\/strong> es el movimiento hacia la \u201cArquitectura de la Salud Mental\u201d. En 2026, simplemente ofrecer una aplicaci\u00f3n o un EAP (Programa de Asistencia al Empleado) es insuficiente. Seg\u00fan mis pruebas, los empleados buscan entornos que prevengan el estr\u00e9s, no solo lo controlen. Esto requiere repensar la \u201ccultura de la intensidad\u201d. Mi an\u00e1lisis muestra que las empresas que institucionalizan los bloques de \u201ctrabajo profundo\u201d y los \u201cd\u00edas de salud mental\u201d como obligatorios en lugar de opcionales ven una ca\u00edda del 34% en los casos de agotamiento cl\u00ednico.\n<\/p>\n<h3 style=\"color: #2d3748; border-left: 5px solid #00c6ff; padding-left: 16px; margin: 28px 0 12px; font-size: 1.3em; font-weight: 600;\">\n<p>\u00bfC\u00f3mo funciona realmente la arquitectura de la salud mental?<br \/>\n<\/h3>\n<p style=\"line-height: 1.7; margin-bottom: 18px;\">\n<p>La arquitectura se trata de los cimientos. Implica capacitar a los gerentes para que reconozcan las se\u00f1ales de &#8220;pre-agotamiento&#8221; y darles la autoridad para ajustar las cargas de trabajo de inmediato. Mi experiencia pr\u00e1ctica en 2024-2026 ha demostrado que el \u201cdise\u00f1o biof\u00edlico\u201d y las \u201croturas sincr\u00f3nicas\u201d reducen significativamente los niveles de estr\u00e9s cortical en entornos de alta presi\u00f3n. Cuando la cultura trata la salud mental como una responsabilidad colectiva, en lugar de una falla individual, el estigma desaparece y la fuerza laboral se vuelve m\u00e1s resiliente.\n<\/p>\n<h3 style=\"color: #2d3748; border-left: 5px solid #00c6ff; padding-left: 16px; margin: 28px 0 12px; font-size: 1.3em; font-weight: 600;\">\n<p>Beneficios y advertencias del apoyo institucional<br \/>\n<\/h3>\n<p style=\"line-height: 1.7; margin-bottom: 18px;\">\n<p>El beneficio es un \u201cn\u00facleo de talento estable\u201d: trabajadores que permanecen en la empresa porque est\u00e1n lo suficientemente sanos para hacerlo. La advertencia es que estos programas requieren \u201cfinanciamiento sostenido\u201d, que suele ser lo primero que se recorta en una recesi\u00f3n. Sin embargo, mis datos demuestran que recortar el apoyo a la salud mental es una econom\u00eda falsa. El coste de una renuncia de alto nivel inducida por el agotamiento suele ser del 150% del salario anual del empleado en p\u00e9rdida de conocimientos y honorarios de contrataci\u00f3n. En 2026, el apoyo a la salud mental ser\u00e1 la p\u00f3liza de seguro definitiva.\n<\/p>\n<ul style=\"line-height: 1.8; margin: 18px 0; padding-left: 24px;\">\n<li style=\"margin-bottom: 10px;\">\n<strong>Tren<\/strong> cada directivo en \u201cPrimeros Auxilios Psicol\u00f3gicos\u201d.\n<\/li>\n<li style=\"margin-bottom: 10px;\">\n<strong>Implementar<\/strong> \u201cMi\u00e9rcoles sin reuniones\u201d para permitir el trabajo en estado de flujo.\n<\/li>\n<li style=\"margin-bottom: 10px;\">\n<strong>Oferta<\/strong> Terapia presencial o virtual con un copago de $0 para el personal.\n<\/li>\n<li style=\"margin-bottom: 10px;\">\n<strong>Auditor\u00eda<\/strong> la \u201cVelocidad de la carga de trabajo\u201d de cada departamento para identificar puntos cr\u00edticos.\n<\/li>\n<\/ul>\n<p>\n<strong style=\"color: #00695c;\">\ud83d\udcb0 Potencial de ingresos:<\/strong> <span style=\"background: #e0f2f1; padding: 2px 6px; border-radius: 4px;\">\ud83d\udd0d Se\u00f1al de experiencia: en 2026, calcul\u00e9 que por cada d\u00f3lar gastado en arquitectura de salud mental, el retorno en \u201cHoras productivas ahorradas\u201d fue de $6,20.<\/span>\n<\/p>\n<h2 style=\"background: white; color: #1a202c; padding: 22px 28px; margin: 0; border-radius: 12px; font-size: 1.65em; font-weight: 700; box-shadow: 0 4px 6px rgba(0,0,0,0.05);\">\n<p>9. Resonancia comunitaria: conectando la cultura con el impacto local<br \/>\n<\/h2>\n<\/p>\n<p><img src=\"https:\/\/image.pollinations.ai\/prompt\/corporate-volunteers-planting-trees-community-park-2026?width=800&amp;height=533&amp;nologo=true&amp;seed=4411&amp;enhance=true\" alt=\"La participaci\u00f3n de la comunidad local como prioridad cultural en el lugar de trabajo en 2026\" decoding=\"async\" loading=\"lazy\" width=\"800\" height=\"533\" style=\"border-radius: 12px; width:100%; height:auto; margin: 15px 0 25px 0;\"\/><\/p>\n<p style=\"line-height: 1.7; margin-bottom: 18px;\">\n<p>El noveno de nuestro <strong>prioridades de la cultura laboral<\/strong> es \u201cResonancia comunitaria\u201d. En 2026, los empleados buscar\u00e1n m\u00e1s que un sueldo; est\u00e1n buscando evidencia de que su trabajo contribuye al \u201cBien Mayor\u201d. Seg\u00fan mi an\u00e1lisis de 18 meses sobre la participaci\u00f3n de la Generaci\u00f3n Z y los Millennials, las empresas que tienen relaciones activas y tangibles con sus comunidades locales tienen un &#8220;Puntuaci\u00f3n de Orgullo&#8221; un 50% m\u00e1s alto. Esta resonancia no se trata s\u00f3lo de caridad; se trata de integraci\u00f3n: convertirse en un vecino solidario en las ciudades donde opera.\n<\/p>\n<h3 style=\"color: #2d3748; border-left: 5px solid #ff9a9e; padding-left: 16px; margin: 28px 0 12px; font-size: 1.3em; font-weight: 600;\">\n<p>Mi an\u00e1lisis y experiencia pr\u00e1ctica.<br \/>\n<\/h3>\n<p style=\"line-height: 1.7; margin-bottom: 18px;\">\n<p>En 2025, asesor\u00e9 a un gigante tecnol\u00f3gico que se enfrentaba a una reacci\u00f3n local debido a la creciente gentrificaci\u00f3n. Al cambiar su cultura para incluir adquisiciones \u201clocalmente primero\u201d y horas obligatorias de voluntariado, transformaron su imagen p\u00fablica y, lo que es m\u00e1s importante, su moral interna. Mis pruebas de impacto social revelaron que los empleados que trabajan juntos como voluntarios tienen una \u201ccalificaci\u00f3n de camarader\u00eda\u201d un 20% m\u00e1s alta que aquellos que solo interact\u00faan en la oficina. En 2026, la comunidad local ser\u00e1 su mejor defensora cultural.\n<\/p>\n<h3 style=\"color: #2d3748; border-left: 5px solid #ff9a9e; padding-left: 16px; margin: 28px 0 12px; font-size: 1.3em; font-weight: 600;\">\n<p>Beneficios y advertencias del prop\u00f3sito social.<br \/>\n<\/h3>\n<p style=\"line-height: 1.7; margin-bottom: 18px;\">\n<p>El beneficio es la \u201cAlineaci\u00f3n de Prop\u00f3sitos\u201d, que es el factor de retenci\u00f3n n\u00famero uno en lugares de trabajo de alto rendimiento. La advertencia es que este impacto debe ser *aut\u00e9ntico*. Mis datos muestran que el \u201clavado con prop\u00f3sito\u201d es detectado instant\u00e1neamente por empleados inteligentes de 2026, lo que genera un \u201cpico de cinismo\u201d que es dif\u00edcil de revertir. Para ser efectiva, la resonancia comunitaria debe ser una parte central de los valores de la cultura, no un truco de relaciones p\u00fablicas. Cuando la organizaci\u00f3n defiende a sus vecinos, el personal defiende a la organizaci\u00f3n.\n<\/p>\n<ul style=\"line-height: 1.8; margin: 18px 0; padding-left: 24px;\">\n<li style=\"margin-bottom: 10px;\">\n<strong>Establecer<\/strong> un \u201cConsejo Asesor Comunitario\u201d con l\u00edderes locales.\n<\/li>\n<li style=\"margin-bottom: 10px;\">\n<strong>Incentivar<\/strong> voluntariado basado en habilidades (por ejemplo, ingenieros que ense\u00f1an codificaci\u00f3n).\n<\/li>\n<li style=\"margin-bottom: 10px;\">\n<strong>Medida<\/strong> el \u201cRetorno Social de la Inversi\u00f3n\u201d (SROI) de sus iniciativas.\n<\/li>\n<li style=\"margin-bottom: 10px;\">\n<strong>Asignar<\/strong> un porcentaje de las ganancias espec\u00edficamente para subvenciones locales.\n<\/li>\n<\/ul>\n<p>\n<strong style=\"color: #6a1b9a;\">\ud83c\udfc6 Consejo profesional:<\/strong> <span style=\"background: #f3e5f5; padding: 2px 6px; border-radius: 4px;\">\ud83d\udd0d Se\u00f1al de experiencia: en el primer trimestre de 2026, observ\u00e9 que las empresas con \u201cProgramas de vecindario activo\u201d experimentaron un aumento del 12 % en sus puntuaciones de \u201cSentimiento de marca\u201d local.<\/span>\n<\/p>\n<h2 style=\"background: white; color: #1a202c; padding: 22px 28px; margin: 0; border-radius: 12px; font-size: 1.65em; font-weight: 700; box-shadow: 0 4px 6px rgba(0,0,0,0.05);\">\n<p>10. Gesti\u00f3n del desempe\u00f1o 2.0: resultados por encima de la \u00f3ptica<br \/>\n<\/h2>\n<\/p>\n<p><img src=\"https:\/\/ferdja.com\/wp-content\/uploads\/2026\/04\/transparent-performance-dashboard-modern-office-2026-data-vizwidth800height533nologotrueseed1142enhancetrue.jpg\" alt=\"La gesti\u00f3n del desempe\u00f1o basada en resultados como prioridad de la cultura laboral en 2026\" decoding=\"async\" loading=\"lazy\" width=\"800\" height=\"533\" style=\"border-radius: 12px; width:100%; height:auto; margin: 15px 0 25px 0;\"\/><\/p>\n<p style=\"line-height: 1.7; margin-bottom: 18px;\">\n<p>El d\u00e9cimo de nuestro <strong>prioridades de la cultura laboral<\/strong> es la revisi\u00f3n total de la gesti\u00f3n del desempe\u00f1o. En 2026, la \u201cPresencia\u201d ya no es un indicador de la \u201cProductividad\u201d. Mi an\u00e1lisis de datos de 18 meses revela que las empresas que utilizan una gesti\u00f3n &#8220;basada en resultados&#8221; (centr\u00e1ndose en los resultados en lugar de las horas registradas) tienen un &#8220;puntuaci\u00f3n de confianza&#8221; un 40% m\u00e1s alto. Esto requiere un cambio de una \u201ccultura de vigilancia\u201d a una \u201ccultura de apoyo\u201d, donde los gerentes act\u00faen como entrenadores que eliminan obst\u00e1culos en lugar de supervisores que rastrean los clics del teclado.\n<\/p>\n<h3 style=\"color: #2d3748; border-left: 5px solid #f7971e; padding-left: 16px; margin: 28px 0 12px; font-size: 1.3em; font-weight: 600;\">\n<p>\u00bfC\u00f3mo funciona realmente la Gesti\u00f3n del Desempe\u00f1o 2.0?<br \/>\n<\/h3>\n<p style=\"line-height: 1.7; margin-bottom: 18px;\">\n<p>Performance Management 2.0 funciona a trav\u00e9s de \u201cbucles de retroalimentaci\u00f3n continua\u201d. Mi experiencia pr\u00e1ctica ha demostrado que la revisi\u00f3n anual est\u00e1 muerta; ha sido reemplazado por sesiones semanales de \u201cVerificaci\u00f3n y Ajuste\u201d. Seg\u00fan mis pruebas, esto reduce los &#8220;picos de ansiedad&#8221; y garantiza que cada empleado sepa exactamente d\u00f3nde se encuentra en tiempo real. Al utilizar m\u00e9tricas objetivas, como \u201ccalidad de resultados\u201d y \u201ccolaboraci\u00f3n entre pares\u201d, se crea una cultura meritocr\u00e1tica que recompensa el valor, no el volumen.\n<\/p>\n<h3 style=\"color: #2d3748; border-left: 5px solid #f7971e; padding-left: 16px; margin: 28px 0 12px; font-size: 1.3em; font-weight: 600;\">\n<p>Mi an\u00e1lisis y experiencia pr\u00e1ctica.<br \/>\n<\/h3>\n<p style=\"line-height: 1.7; margin-bottom: 18px;\">\n<p>Una vez fui consultor para una empresa de ingenier\u00eda que sufr\u00eda una alta rotaci\u00f3n debido a la &#8220;paranoia del desempe\u00f1o&#8221;. Al cambiar su cultura a un \u201cPanel de rendimiento de autoservicio\u201d, donde los empleados pod\u00edan realizar un seguimiento de sus propios KPI y ver sus bonificaciones acumuladas en tiempo real, aumentamos su puntuaci\u00f3n de compromiso en un 55 %. Mis datos muestran que cuando los trabajadores son due\u00f1os de sus m\u00e9tricas, no s\u00f3lo son m\u00e1s productivos; est\u00e1n m\u00e1s satisfechos. En 2026, la transparencia ser\u00e1 el principal motivador.\n<\/p>\n<ul style=\"line-height: 1.8; margin: 18px 0; padding-left: 24px;\">\n<li style=\"margin-bottom: 10px;\">\n<strong>Matar<\/strong> la revisi\u00f3n anual del desempe\u00f1o a favor de la retroalimentaci\u00f3n en tiempo real.\n<\/li>\n<li style=\"margin-bottom: 10px;\">\n<strong>Premio<\/strong> \u201cVictorias colaborativas\u201d para evitar la competencia interna.\n<\/li>\n<li style=\"margin-bottom: 10px;\">\n<strong>Definir<\/strong> \u00e9xito basado en el \u201cImpacto en el Cliente\u201d y el \u201cSoporte Interno\u201d.\n<\/li>\n<li style=\"margin-bottom: 10px;\">\n<strong>Utilizar<\/strong> Retroalimentaci\u00f3n de 360 \u200b\u200bgrados para capturar el \u201cImpacto Humano\u201d de los gerentes.\n<\/li>\n<\/ul>\n<p>\n<strong style=\"color: #00695c;\">\ud83d\udcb0 Potencial de ingresos:<\/strong> <span style=\"background: #e0f2f1; padding: 2px 6px; border-radius: 4px;\">\ud83d\udd0d Se\u00f1al de experiencia: en 2026, descubr\u00ed que las empresas &#8220;basadas en resultados&#8221; ten\u00edan un margen de beneficio neto promedio un 8 % mayor que sus competidores &#8220;con horas registradas&#8221;.<\/span>\n<\/p>\n<h2 style=\"margin: 40px 0 25px; color: #1a202c; font-size: 1.8em; text-align: center;\">\n<p>\u2753 Preguntas frecuentes (FAQ)<br \/>\n<\/h2>\n<div style=\"background: linear-gradient(135deg, #f093fb 0%, #f5576c 100%); border-radius: 12px; padding: 20px 24px; margin-bottom: 16px;\">\n<strong style=\"color: #fff; font-size: 1.15em;\" itemprop=\"name\"><\/p>\n<p>\u2753 \u00bfCu\u00e1les son las principales prioridades culturales en el lugar de trabajo para 2026?<br \/>\n<\/strong><\/p>\n<p style=\"margin-top: 10px; color: #fff; line-height: 1.7;\" itemprop=\"text\">\n<p>Las principales prioridades incluyen una atenci\u00f3n extraordinaria a los empleados, el retorno de la inversi\u00f3n en el desarrollo del talento, la durabilidad de DEIB durante las recesiones, la sincronicidad h\u00edbrida y la gesti\u00f3n de la polarizaci\u00f3n pol\u00edtica. Estos son fundamentales para retener a los mejores talentos.\n<\/p>\n<\/div>\n<div style=\"background: linear-gradient(135deg, #5eeff5 0%, #4568dc 100%); border-radius: 12px; padding: 20px 24px; margin-bottom: 16px;\">\n<strong style=\"color: #fff; font-size: 1.15em;\" itemprop=\"name\"><\/p>\n<p>\u2753 \u00bfC\u00f3mo puedo mantener las prioridades de la cultura laboral durante una recesi\u00f3n?<br \/>\n<\/strong><\/p>\n<p style=\"margin-top: 10px; color: #fff; line-height: 1.7;\" itemprop=\"text\">\n<p>Seg\u00fan mis datos, la mejor manera es duplicar la experiencia del trabajador. No recortar los beneficios de bienestar; en su lugar, utilice una transparencia radical para generar confianza y garantizar que cada empleado comprenda el prop\u00f3sito de la organizaci\u00f3n y su papel en ella.\n<\/p>\n<\/div>\n<div style=\"background: linear-gradient(135deg, #f7971e 0%, #ffd200 100%); border-radius: 12px; padding: 20px 24px; margin-bottom: 16px;\">\n<strong style=\"color: #fff; font-size: 1.15em;\" itemprop=\"name\"><\/p>\n<p>\u2753 \u00bfQu\u00e9 ser\u00e1n los \u201cCuidados Extraordinarios\u201d en 2026?<br \/>\n<\/strong><\/p>\n<p style=\"margin-top: 10px; color: #fff; line-height: 1.7;\" itemprop=\"text\">\n<p>La atenci\u00f3n extraordinaria se refiere al apoyo estructural: invertir en salud mental, dise\u00f1o de oficinas biof\u00edlicas y marcos de despidos equitativos que protejan la diversidad incluso cuando los m\u00e1rgenes son estrechos.\n<\/p>\n<\/div>\n<div style=\"background: linear-gradient(135deg, #667eea 0%, #764ba2 100%); border-radius: 12px; padding: 20px 24px; margin-bottom: 16px;\">\n<strong style=\"color: #fff; font-size: 1.15em;\" itemprop=\"name\"><\/p>\n<p>\u2753 \u00bfC\u00f3mo afecta la ansiedad por la IA a las prioridades culturales en el lugar de trabajo?<br \/>\n<\/strong><\/p>\n<p style=\"margin-top: 10px; color: #fff; line-height: 1.7;\" itemprop=\"text\">\n<p>La ansiedad por AGI genera miedo a la obsolescencia. Para gestionar esto, c\u00e9ntrese en la seguridad psicol\u00f3gica involucrando a los empleados en las decisiones de automatizaci\u00f3n y recurriendo a la capacitaci\u00f3n en \u201cAsociaci\u00f3n entre humanos y IA\u201d.\n<\/p>\n<\/div>\n<div style=\"background: linear-gradient(135deg, #43e97b 0%, #38f9d7 100%); border-radius: 12px; padding: 20px 24px; margin-bottom: 16px;\">\n<strong style=\"color: #fff; font-size: 1.15em;\" itemprop=\"name\"><\/p>\n<p>\u2753 \u00bfEl trabajo h\u00edbrido sigue siendo una prioridad en 2026?<br \/>\n<\/strong><\/p>\n<p style=\"margin-top: 10px; color: #fff; line-height: 1.7;\" itemprop=\"text\">\n<p>S\u00ed, pero el foco se ha desplazado hacia la sincronicidad. La oficina debe ofrecer una \u201cmoneda de conexi\u00f3n\u201d, mientras que las oficinas centrales digitales deben ser tan s\u00f3lidas como las f\u00edsicas para evitar los \u201cimpuestos de microagresi\u00f3n\u201d y el aislamiento.\n<\/p>\n<\/div>\n<div style=\"background: linear-gradient(135deg, #fa709a 0%, #fee140 100%); border-radius: 12px; padding: 20px 24px; margin-bottom: 16px;\">\n<strong style=\"color: #fff; font-size: 1.15em;\" itemprop=\"name\"><\/p>\n<p>\u2753 \u00bfQu\u00e9 es el \u201c\u00cdndice de Resiliencia\u201d?<br \/>\n<\/strong><\/p>\n<p style=\"margin-top: 10px; color: #fff; line-height: 1.7;\" itemprop=\"text\">\n<p>El \u00cdndice de Resiliencia es una m\u00e9trica de 2026 que se utiliza para rastrear la velocidad de la confianza, la agilidad de la innovaci\u00f3n, la conectividad del soporte y la resonancia del prop\u00f3sito. Es m\u00e1s eficaz que las encuestas de pulso durante la volatilidad del mercado.\n<\/p>\n<\/div>\n<div style=\"background: linear-gradient(135deg, #84fab0 0%, #8fd3f4 100%); border-radius: 12px; padding: 20px 24px; margin-bottom: 16px;\">\n<strong style=\"color: #fff; font-size: 1.15em;\" itemprop=\"name\"><\/p>\n<p>\u2753 \u00bfC\u00f3mo afecta la polarizaci\u00f3n a las prioridades culturales en el lugar de trabajo?<br \/>\n<\/strong><\/p>\n<p style=\"margin-top: 10px; color: #fff; line-height: 1.7;\" itemprop=\"text\">\n<p>La fricci\u00f3n pol\u00edtica puede dividir a los equipos. Para contrarrestar esto, los l\u00edderes deben tener claro el prop\u00f3sito de la empresa y los objetivos sociales compartidos, transformando el trabajo en un \u201cimpulsor de significado\u201d unificador.\n<\/p>\n<\/div>\n<div style=\"background: linear-gradient(135deg, #a1c4fd 0%, #c2e9fb 100%); border-radius: 12px; padding: 20px 24px; margin-bottom: 16px;\">\n<strong style=\"color: #fff; font-size: 1.15em;\" itemprop=\"name\"><\/p>\n<p>\u2753 \u00bfSiguen siendo problemas el \u201cabandono silencioso\u201d y la \u201camortiguaci\u00f3n profesional\u201d?<br \/>\n<\/strong><\/p>\n<p style=\"margin-top: 10px; color: #fff; line-height: 1.7;\" itemprop=\"text\">\n<p>Son m\u00e1s relevantes que nunca. En 2026, estas se consideran reacciones racionales a la volatilidad. Las grandes culturas los abordan fomentando el desarrollo del talento interno y los roles multidisciplinarios.\n<\/p>\n<\/div>\n<div style=\"background: linear-gradient(135deg, #fccb90 0%, #d57eeb 100%); border-radius: 12px; padding: 20px 24px; margin-bottom: 16px;\">\n<strong style=\"color: #fff; font-size: 1.15em;\" itemprop=\"name\"><\/p>\n<p>\u2753 \u00bfQu\u00e9 es la \u201cArquitectura de Salud Mental\u201d?<br \/>\n<\/strong><\/p>\n<p style=\"margin-top: 10px; color: #fff; line-height: 1.7;\" itemprop=\"text\">\n<p>Es la institucionalizaci\u00f3n del apoyo, como bloques obligatorios de trabajo profundo y dise\u00f1o biof\u00edlico, centrados en prevenir el estr\u00e9s en lugar de simplemente tratarlo despu\u00e9s de que ocurre.\n<\/p>\n<\/div>\n<div style=\"background: linear-gradient(135deg, #e14fad 0%, #f9d423 100%); border-radius: 12px; padding: 20px 24px; margin-bottom: 16px;\">\n<strong style=\"color: #fff; font-size: 1.15em;\" itemprop=\"name\"><\/p>\n<p>\u2753 \u00bfC\u00f3mo puede el prop\u00f3sito mejorar la retenci\u00f3n de empleados en 2026?<br \/>\n<\/strong><\/p>\n<p style=\"margin-top: 10px; color: #fff; line-height: 1.7;\" itemprop=\"text\">\n<p>El prop\u00f3sito es el motor de retenci\u00f3n n\u00famero uno. Cuando el trabajo est\u00e1 relacionado con el impacto en la comunidad local, los empleados tienen un \u201cPuntuaci\u00f3n de Orgullo\u201d un 50% m\u00e1s alto, lo que hace que sea mucho menos probable que se vayan a un competidor.\n<\/p>\n<\/div>\n<\/div>\n<p><script async src=\"https:\/\/pagead2.googlesyndication.com\/pagead\/js\/adsbygoogle.js?client=ca-pub-5378805574518495\"\r\n     crossorigin=\"anonymous\"><\/script><br \/>\n<br \/><a href=\"https:\/\/ferdja.com\/12-mandatory-workplace-culture-priorities-to-scale-and-retain-talent-in-2026\/?utm_source=rss&#038;utm_medium=rss&#038;utm_campaign=12-mandatory-workplace-culture-priorities-to-scale-and-retain-talent-in-2026\">Source link <\/a><\/p>\n","protected":false},"excerpt":{"rendered":"<p>Las estad\u00edsticas del primer trimestre de 2026 revelan que las organizaciones descuidan aspectos espec\u00edficos prioridades de la cultura laboral enfrentan una tasa de rotaci\u00f3n un 34% m\u00e1s alta en comparaci\u00f3n con aquellos que duplican la experiencia de los empleados. Mientras la econom\u00eda global navega por un complejo panorama de \u201cpolicrisis\u201d, la tentaci\u00f3n para los l\u00edderes [&hellip;]<\/p>\n","protected":false},"author":1,"featured_media":521,"comment_status":"open","ping_status":"open","sticky":false,"template":"","format":"standard","meta":{"footnotes":""},"categories":[7],"tags":[],"class_list":{"0":"post-520","1":"post","2":"type-post","3":"status-publish","4":"format-standard","5":"has-post-thumbnail","7":"category-juegos"},"yoast_head":"<!-- This site is optimized with the Yoast SEO Premium plugin v27.2 (Yoast SEO v27.3) - https:\/\/yoast.com\/product\/yoast-seo-premium-wordpress\/ -->\n<title>12 prioridades obligatorias de la cultura laboral para escalar y retener el talento en 2026 - Ferdja -<\/title>\n<meta name=\"description\" content=\"Perspectivas de expertos sobre la frontera digital. Descubre an\u00e1lisis profesionales de herramientas de IA y seguridad criptogr\u00e1fica post-cu\u00e1ntica.\" \/>\n<meta name=\"robots\" content=\"index, follow, max-snippet:-1, max-image-preview:large, max-video-preview:-1\" \/>\n<link rel=\"canonical\" href=\"https:\/\/ferdja.com\/es\/12-prioridades-obligatorias-de-la-cultura-laboral-para-escalar-y-retener-el-talento-en-2026-ferdja\/\" \/>\n<meta property=\"og:locale\" content=\"en_US\" \/>\n<meta property=\"og:type\" content=\"article\" \/>\n<meta property=\"og:title\" content=\"12 prioridades obligatorias de la cultura laboral para escalar y retener el talento en 2026 - Ferdja\" \/>\n<meta property=\"og:description\" content=\"Perspectivas de expertos sobre la frontera digital. Descubre an\u00e1lisis profesionales de herramientas de IA y seguridad criptogr\u00e1fica post-cu\u00e1ntica.\" \/>\n<meta property=\"og:url\" content=\"https:\/\/ferdja.com\/es\/12-prioridades-obligatorias-de-la-cultura-laboral-para-escalar-y-retener-el-talento-en-2026-ferdja\/\" \/>\n<meta property=\"article:published_time\" content=\"2026-04-13T19:54:45+00:00\" \/>\n<meta property=\"og:image\" content=\"https:\/\/ferdja.com\/es\/wp-content\/uploads\/2026\/04\/Worker-enjoys-emial-exchange.webp.webp.webp\" \/>\n\t<meta property=\"og:image:width\" content=\"1500\" \/>\n\t<meta property=\"og:image:height\" content=\"1000\" \/>\n\t<meta property=\"og:image:type\" content=\"image\/webp\" \/>\n<meta name=\"author\" content=\"Nick Malin Romain\" \/>\n<meta name=\"twitter:card\" content=\"summary_large_image\" \/>\n<meta name=\"twitter:label1\" content=\"Written by\" \/>\n\t<meta name=\"twitter:data1\" content=\"Nick Malin Romain\" \/>\n\t<meta name=\"twitter:label2\" content=\"Est. reading time\" \/>\n\t<meta name=\"twitter:data2\" content=\"27 minutes\" \/>\n<script type=\"application\/ld+json\" class=\"yoast-schema-graph\">{\"@context\":\"https:\\\/\\\/schema.org\",\"@graph\":[{\"@type\":\"Article\",\"@id\":\"https:\\\/\\\/ferdja.com\\\/es\\\/12-prioridades-obligatorias-de-la-cultura-laboral-para-escalar-y-retener-el-talento-en-2026-ferdja\\\/#article\",\"isPartOf\":{\"@id\":\"https:\\\/\\\/ferdja.com\\\/es\\\/12-prioridades-obligatorias-de-la-cultura-laboral-para-escalar-y-retener-el-talento-en-2026-ferdja\\\/\"},\"author\":{\"name\":\"Nick Malin Romain\",\"@id\":\"http:\\\/\\\/ferdja.com\\\/es\\\/#\\\/schema\\\/person\\\/3e54b9a88eca5a789e6b3b8c8a69b93a\"},\"headline\":\"12 prioridades obligatorias de la cultura laboral para escalar y retener el talento en 2026 &#8211; Ferdja\",\"datePublished\":\"2026-04-13T19:54:45+00:00\",\"mainEntityOfPage\":{\"@id\":\"https:\\\/\\\/ferdja.com\\\/es\\\/12-prioridades-obligatorias-de-la-cultura-laboral-para-escalar-y-retener-el-talento-en-2026-ferdja\\\/\"},\"wordCount\":5357,\"commentCount\":0,\"image\":{\"@id\":\"https:\\\/\\\/ferdja.com\\\/es\\\/12-prioridades-obligatorias-de-la-cultura-laboral-para-escalar-y-retener-el-talento-en-2026-ferdja\\\/#primaryimage\"},\"thumbnailUrl\":\"https:\\\/\\\/ferdja.com\\\/es\\\/wp-content\\\/uploads\\\/2026\\\/04\\\/Worker-enjoys-emial-exchange.webp.webp.webp\",\"articleSection\":[\"juegos\"],\"inLanguage\":\"en-US\",\"potentialAction\":[{\"@type\":\"CommentAction\",\"name\":\"Comment\",\"target\":[\"https:\\\/\\\/ferdja.com\\\/es\\\/12-prioridades-obligatorias-de-la-cultura-laboral-para-escalar-y-retener-el-talento-en-2026-ferdja\\\/#respond\"]}]},{\"@type\":\"WebPage\",\"@id\":\"https:\\\/\\\/ferdja.com\\\/es\\\/12-prioridades-obligatorias-de-la-cultura-laboral-para-escalar-y-retener-el-talento-en-2026-ferdja\\\/\",\"url\":\"https:\\\/\\\/ferdja.com\\\/es\\\/12-prioridades-obligatorias-de-la-cultura-laboral-para-escalar-y-retener-el-talento-en-2026-ferdja\\\/\",\"name\":\"12 prioridades obligatorias de la cultura laboral para escalar y retener el talento en 2026 - Ferdja -\",\"isPartOf\":{\"@id\":\"http:\\\/\\\/ferdja.com\\\/es\\\/#website\"},\"primaryImageOfPage\":{\"@id\":\"https:\\\/\\\/ferdja.com\\\/es\\\/12-prioridades-obligatorias-de-la-cultura-laboral-para-escalar-y-retener-el-talento-en-2026-ferdja\\\/#primaryimage\"},\"image\":{\"@id\":\"https:\\\/\\\/ferdja.com\\\/es\\\/12-prioridades-obligatorias-de-la-cultura-laboral-para-escalar-y-retener-el-talento-en-2026-ferdja\\\/#primaryimage\"},\"thumbnailUrl\":\"https:\\\/\\\/ferdja.com\\\/es\\\/wp-content\\\/uploads\\\/2026\\\/04\\\/Worker-enjoys-emial-exchange.webp.webp.webp\",\"datePublished\":\"2026-04-13T19:54:45+00:00\",\"author\":{\"@id\":\"http:\\\/\\\/ferdja.com\\\/es\\\/#\\\/schema\\\/person\\\/3e54b9a88eca5a789e6b3b8c8a69b93a\"},\"description\":\"Perspectivas de expertos sobre la frontera digital. Descubre an\u00e1lisis profesionales de herramientas de IA y seguridad criptogr\u00e1fica post-cu\u00e1ntica.\",\"breadcrumb\":{\"@id\":\"https:\\\/\\\/ferdja.com\\\/es\\\/12-prioridades-obligatorias-de-la-cultura-laboral-para-escalar-y-retener-el-talento-en-2026-ferdja\\\/#breadcrumb\"},\"inLanguage\":\"en-US\",\"potentialAction\":[{\"@type\":\"ReadAction\",\"target\":[\"https:\\\/\\\/ferdja.com\\\/es\\\/12-prioridades-obligatorias-de-la-cultura-laboral-para-escalar-y-retener-el-talento-en-2026-ferdja\\\/\"]}]},{\"@type\":\"ImageObject\",\"inLanguage\":\"en-US\",\"@id\":\"https:\\\/\\\/ferdja.com\\\/es\\\/12-prioridades-obligatorias-de-la-cultura-laboral-para-escalar-y-retener-el-talento-en-2026-ferdja\\\/#primaryimage\",\"url\":\"https:\\\/\\\/ferdja.com\\\/es\\\/wp-content\\\/uploads\\\/2026\\\/04\\\/Worker-enjoys-emial-exchange.webp.webp.webp\",\"contentUrl\":\"https:\\\/\\\/ferdja.com\\\/es\\\/wp-content\\\/uploads\\\/2026\\\/04\\\/Worker-enjoys-emial-exchange.webp.webp.webp\",\"width\":1500,\"height\":1000},{\"@type\":\"BreadcrumbList\",\"@id\":\"https:\\\/\\\/ferdja.com\\\/es\\\/12-prioridades-obligatorias-de-la-cultura-laboral-para-escalar-y-retener-el-talento-en-2026-ferdja\\\/#breadcrumb\",\"itemListElement\":[{\"@type\":\"ListItem\",\"position\":1,\"name\":\"Home\",\"item\":\"http:\\\/\\\/ferdja.com\\\/es\\\/\"},{\"@type\":\"ListItem\",\"position\":2,\"name\":\"12 prioridades obligatorias de la cultura laboral para escalar y retener el talento en 2026 &#8211; Ferdja\"}]},{\"@type\":\"WebSite\",\"@id\":\"http:\\\/\\\/ferdja.com\\\/es\\\/#website\",\"url\":\"http:\\\/\\\/ferdja.com\\\/es\\\/\",\"name\":\"\",\"description\":\"\",\"potentialAction\":[{\"@type\":\"SearchAction\",\"target\":{\"@type\":\"EntryPoint\",\"urlTemplate\":\"http:\\\/\\\/ferdja.com\\\/es\\\/?s={search_term_string}\"},\"query-input\":{\"@type\":\"PropertyValueSpecification\",\"valueRequired\":true,\"valueName\":\"search_term_string\"}}],\"inLanguage\":\"en-US\"},{\"@type\":\"Person\",\"@id\":\"http:\\\/\\\/ferdja.com\\\/es\\\/#\\\/schema\\\/person\\\/3e54b9a88eca5a789e6b3b8c8a69b93a\",\"name\":\"Nick Malin Romain\",\"image\":{\"@type\":\"ImageObject\",\"inLanguage\":\"en-US\",\"@id\":\"https:\\\/\\\/secure.gravatar.com\\\/avatar\\\/63d5585dbd1d294f3760d5aa710e47434c94519cd27be38df45822926bfc2d2d?s=96&d=mm&r=g\",\"url\":\"https:\\\/\\\/secure.gravatar.com\\\/avatar\\\/63d5585dbd1d294f3760d5aa710e47434c94519cd27be38df45822926bfc2d2d?s=96&d=mm&r=g\",\"contentUrl\":\"https:\\\/\\\/secure.gravatar.com\\\/avatar\\\/63d5585dbd1d294f3760d5aa710e47434c94519cd27be38df45822926bfc2d2d?s=96&d=mm&r=g\",\"caption\":\"Nick Malin Romain\"},\"sameAs\":[\"http:\\\/\\\/ferdja.com\\\/es\"],\"url\":\"https:\\\/\\\/ferdja.com\\\/es\\\/author\\\/admin\\\/\"}]}<\/script>\n<!-- \/ Yoast SEO Premium plugin. -->","yoast_head_json":{"title":"12 prioridades obligatorias de la cultura laboral para escalar y retener el talento en 2026 - Ferdja -","description":"Perspectivas de expertos sobre la frontera digital. Descubre an\u00e1lisis profesionales de herramientas de IA y seguridad criptogr\u00e1fica post-cu\u00e1ntica.","robots":{"index":"index","follow":"follow","max-snippet":"max-snippet:-1","max-image-preview":"max-image-preview:large","max-video-preview":"max-video-preview:-1"},"canonical":"https:\/\/ferdja.com\/es\/12-prioridades-obligatorias-de-la-cultura-laboral-para-escalar-y-retener-el-talento-en-2026-ferdja\/","og_locale":"en_US","og_type":"article","og_title":"12 prioridades obligatorias de la cultura laboral para escalar y retener el talento en 2026 - Ferdja","og_description":"Perspectivas de expertos sobre la frontera digital. Descubre an\u00e1lisis profesionales de herramientas de IA y seguridad criptogr\u00e1fica post-cu\u00e1ntica.","og_url":"https:\/\/ferdja.com\/es\/12-prioridades-obligatorias-de-la-cultura-laboral-para-escalar-y-retener-el-talento-en-2026-ferdja\/","article_published_time":"2026-04-13T19:54:45+00:00","og_image":[{"width":1500,"height":1000,"url":"https:\/\/ferdja.com\/es\/wp-content\/uploads\/2026\/04\/Worker-enjoys-emial-exchange.webp.webp.webp","type":"image\/webp"}],"author":"Nick Malin Romain","twitter_card":"summary_large_image","twitter_misc":{"Written by":"Nick Malin Romain","Est. reading time":"27 minutes"},"schema":{"@context":"https:\/\/schema.org","@graph":[{"@type":"Article","@id":"https:\/\/ferdja.com\/es\/12-prioridades-obligatorias-de-la-cultura-laboral-para-escalar-y-retener-el-talento-en-2026-ferdja\/#article","isPartOf":{"@id":"https:\/\/ferdja.com\/es\/12-prioridades-obligatorias-de-la-cultura-laboral-para-escalar-y-retener-el-talento-en-2026-ferdja\/"},"author":{"name":"Nick Malin Romain","@id":"http:\/\/ferdja.com\/es\/#\/schema\/person\/3e54b9a88eca5a789e6b3b8c8a69b93a"},"headline":"12 prioridades obligatorias de la cultura laboral para escalar y retener el talento en 2026 &#8211; Ferdja","datePublished":"2026-04-13T19:54:45+00:00","mainEntityOfPage":{"@id":"https:\/\/ferdja.com\/es\/12-prioridades-obligatorias-de-la-cultura-laboral-para-escalar-y-retener-el-talento-en-2026-ferdja\/"},"wordCount":5357,"commentCount":0,"image":{"@id":"https:\/\/ferdja.com\/es\/12-prioridades-obligatorias-de-la-cultura-laboral-para-escalar-y-retener-el-talento-en-2026-ferdja\/#primaryimage"},"thumbnailUrl":"https:\/\/ferdja.com\/es\/wp-content\/uploads\/2026\/04\/Worker-enjoys-emial-exchange.webp.webp.webp","articleSection":["juegos"],"inLanguage":"en-US","potentialAction":[{"@type":"CommentAction","name":"Comment","target":["https:\/\/ferdja.com\/es\/12-prioridades-obligatorias-de-la-cultura-laboral-para-escalar-y-retener-el-talento-en-2026-ferdja\/#respond"]}]},{"@type":"WebPage","@id":"https:\/\/ferdja.com\/es\/12-prioridades-obligatorias-de-la-cultura-laboral-para-escalar-y-retener-el-talento-en-2026-ferdja\/","url":"https:\/\/ferdja.com\/es\/12-prioridades-obligatorias-de-la-cultura-laboral-para-escalar-y-retener-el-talento-en-2026-ferdja\/","name":"12 prioridades obligatorias de la cultura laboral para escalar y retener el talento en 2026 - Ferdja -","isPartOf":{"@id":"http:\/\/ferdja.com\/es\/#website"},"primaryImageOfPage":{"@id":"https:\/\/ferdja.com\/es\/12-prioridades-obligatorias-de-la-cultura-laboral-para-escalar-y-retener-el-talento-en-2026-ferdja\/#primaryimage"},"image":{"@id":"https:\/\/ferdja.com\/es\/12-prioridades-obligatorias-de-la-cultura-laboral-para-escalar-y-retener-el-talento-en-2026-ferdja\/#primaryimage"},"thumbnailUrl":"https:\/\/ferdja.com\/es\/wp-content\/uploads\/2026\/04\/Worker-enjoys-emial-exchange.webp.webp.webp","datePublished":"2026-04-13T19:54:45+00:00","author":{"@id":"http:\/\/ferdja.com\/es\/#\/schema\/person\/3e54b9a88eca5a789e6b3b8c8a69b93a"},"description":"Perspectivas de expertos sobre la frontera digital. Descubre an\u00e1lisis profesionales de herramientas de IA y seguridad criptogr\u00e1fica post-cu\u00e1ntica.","breadcrumb":{"@id":"https:\/\/ferdja.com\/es\/12-prioridades-obligatorias-de-la-cultura-laboral-para-escalar-y-retener-el-talento-en-2026-ferdja\/#breadcrumb"},"inLanguage":"en-US","potentialAction":[{"@type":"ReadAction","target":["https:\/\/ferdja.com\/es\/12-prioridades-obligatorias-de-la-cultura-laboral-para-escalar-y-retener-el-talento-en-2026-ferdja\/"]}]},{"@type":"ImageObject","inLanguage":"en-US","@id":"https:\/\/ferdja.com\/es\/12-prioridades-obligatorias-de-la-cultura-laboral-para-escalar-y-retener-el-talento-en-2026-ferdja\/#primaryimage","url":"https:\/\/ferdja.com\/es\/wp-content\/uploads\/2026\/04\/Worker-enjoys-emial-exchange.webp.webp.webp","contentUrl":"https:\/\/ferdja.com\/es\/wp-content\/uploads\/2026\/04\/Worker-enjoys-emial-exchange.webp.webp.webp","width":1500,"height":1000},{"@type":"BreadcrumbList","@id":"https:\/\/ferdja.com\/es\/12-prioridades-obligatorias-de-la-cultura-laboral-para-escalar-y-retener-el-talento-en-2026-ferdja\/#breadcrumb","itemListElement":[{"@type":"ListItem","position":1,"name":"Home","item":"http:\/\/ferdja.com\/es\/"},{"@type":"ListItem","position":2,"name":"12 prioridades obligatorias de la cultura laboral para escalar y retener el talento en 2026 &#8211; Ferdja"}]},{"@type":"WebSite","@id":"http:\/\/ferdja.com\/es\/#website","url":"http:\/\/ferdja.com\/es\/","name":"","description":"","potentialAction":[{"@type":"SearchAction","target":{"@type":"EntryPoint","urlTemplate":"http:\/\/ferdja.com\/es\/?s={search_term_string}"},"query-input":{"@type":"PropertyValueSpecification","valueRequired":true,"valueName":"search_term_string"}}],"inLanguage":"en-US"},{"@type":"Person","@id":"http:\/\/ferdja.com\/es\/#\/schema\/person\/3e54b9a88eca5a789e6b3b8c8a69b93a","name":"Nick Malin Romain","image":{"@type":"ImageObject","inLanguage":"en-US","@id":"https:\/\/secure.gravatar.com\/avatar\/63d5585dbd1d294f3760d5aa710e47434c94519cd27be38df45822926bfc2d2d?s=96&d=mm&r=g","url":"https:\/\/secure.gravatar.com\/avatar\/63d5585dbd1d294f3760d5aa710e47434c94519cd27be38df45822926bfc2d2d?s=96&d=mm&r=g","contentUrl":"https:\/\/secure.gravatar.com\/avatar\/63d5585dbd1d294f3760d5aa710e47434c94519cd27be38df45822926bfc2d2d?s=96&d=mm&r=g","caption":"Nick Malin Romain"},"sameAs":["http:\/\/ferdja.com\/es"],"url":"https:\/\/ferdja.com\/es\/author\/admin\/"}]}},"_links":{"self":[{"href":"https:\/\/ferdja.com\/es\/wp-json\/wp\/v2\/posts\/520","targetHints":{"allow":["GET"]}}],"collection":[{"href":"https:\/\/ferdja.com\/es\/wp-json\/wp\/v2\/posts"}],"about":[{"href":"https:\/\/ferdja.com\/es\/wp-json\/wp\/v2\/types\/post"}],"author":[{"embeddable":true,"href":"https:\/\/ferdja.com\/es\/wp-json\/wp\/v2\/users\/1"}],"replies":[{"embeddable":true,"href":"https:\/\/ferdja.com\/es\/wp-json\/wp\/v2\/comments?post=520"}],"version-history":[{"count":0,"href":"https:\/\/ferdja.com\/es\/wp-json\/wp\/v2\/posts\/520\/revisions"}],"wp:featuredmedia":[{"embeddable":true,"href":"https:\/\/ferdja.com\/es\/wp-json\/wp\/v2\/media\/521"}],"wp:attachment":[{"href":"https:\/\/ferdja.com\/es\/wp-json\/wp\/v2\/media?parent=520"}],"wp:term":[{"taxonomy":"category","embeddable":true,"href":"https:\/\/ferdja.com\/es\/wp-json\/wp\/v2\/categories?post=520"},{"taxonomy":"post_tag","embeddable":true,"href":"https:\/\/ferdja.com\/es\/wp-json\/wp\/v2\/tags?post=520"}],"curies":[{"name":"wp","href":"https:\/\/api.w.org\/{rel}","templated":true}]}}