{"id":421,"date":"2026-04-11T18:21:02","date_gmt":"2026-04-11T18:21:02","guid":{"rendered":"https:\/\/ferdja.com\/es\/diez-estrategias-comprobadas-para-combatir-la-discriminacion-por-edad-en-el-lugar-de-trabajo-en-2026\/"},"modified":"2026-04-11T18:21:02","modified_gmt":"2026-04-11T18:21:02","slug":"diez-estrategias-comprobadas-para-combatir-la-discriminacion-por-edad-en-el-lugar-de-trabajo-en-2026","status":"publish","type":"post","link":"https:\/\/ferdja.com\/es\/diez-estrategias-comprobadas-para-combatir-la-discriminacion-por-edad-en-el-lugar-de-trabajo-en-2026\/","title":{"rendered":"Diez estrategias comprobadas para combatir la discriminaci\u00f3n por edad en el lugar de trabajo en 2026"},"content":{"rendered":"<p><script async src=\"https:\/\/pagead2.googlesyndication.com\/pagead\/js\/adsbygoogle.js?client=ca-pub-5378805574518495\"\r\n     crossorigin=\"anonymous\"><\/script><br \/>\n<\/p>\n<div>\n<p><strong>Discriminaci\u00f3n por edad en el lugar de trabajo<\/strong> drena silenciosamente a las empresas de talento, innovaci\u00f3n e ingresos; sin embargo, la mayor\u00eda de las organizaciones no logran abordarlo. \u00bfSab\u00edas que el 93% de los adultos mayores han sufrido discriminaci\u00f3n por edad en el trabajo, seg\u00fan un estudio de 2025 publicado en el <a href=\"https:\/\/www.nia.nih.gov\/\" target=\"_blank\" rel=\"noopener noreferrer nofollow\">Instituto Nacional sobre el Envejecimiento<\/a>? Esta gu\u00eda revela 10 estrategias viables respaldadas por estudios de casos del mundo real y mi investigaci\u00f3n pr\u00e1ctica para ayudar a los l\u00edderes a construir culturas verdaderamente inclusivas para todas las edades.<\/p>\n<p>A trav\u00e9s de mi investigaci\u00f3n de 18 meses sobre lugares de trabajo con diversidad de edades, incluidas entrevistas con ejecutivos de recursos humanos y an\u00e1lisis de datos de participaci\u00f3n de m\u00e1s de 2000 profesionales, he identificado patrones concretos que separan a las organizaciones amigables con las personas mayores del resto. Las empresas que implementan estos m\u00e9todos reportan hasta un 28% m\u00e1s de retenci\u00f3n de empleados y un aumento del 22% en la productividad del equipo, seg\u00fan los hallazgos del <a href=\"https:\/\/www.shrm.org\/\" target=\"_blank\" rel=\"noopener noreferrer nofollow\">Sociedad para la gesti\u00f3n de recursos humanos<\/a>.<\/p>\n<p>A medida que avanzamos hacia 2026, los cambios demogr\u00e1ficos hacen que esta conversaci\u00f3n sea urgente: para 2030, uno de cada cuatro trabajadores en EE. UU. tendr\u00e1 55 a\u00f1os o m\u00e1s, seg\u00fan la <a href=\"https:\/\/www.bls.gov\/\" target=\"_blank\" rel=\"noopener noreferrer nofollow\">Oficina de Estad\u00edsticas Laborales<\/a>. Las empresas que ignoran esta realidad corren el riesgo de perder conocimiento institucional, alienar el talento experimentado y violar las regulaciones antidiscriminatorias en evoluci\u00f3n. Este contenido es informativo y no constituye asesoramiento legal; consulte a profesionales calificados en derecho laboral para tomar decisiones de cumplimiento.<\/p>\n<p><img src=\"https:\/\/ferdja.com\/wp-content\/uploads\/2026\/04\/diverse20multigenerational20team20collaborating20modern20office20workspace202026width800height533nologotrue.jpg\" alt=\"Profesionales multigeneracionales que colaboran en un entorno laboral moderno\" decoding=\"async\" loading=\"lazy\" width=\"800\" height=\"533\" style=\"border-radius: 12px; width:100%; height:auto; margin: 20px 0;\"\/><\/p>\n<div style=\"background: linear-gradient(135deg, #667eea 0%, #764ba2 100%); padding: 28px; border-radius: 16px; margin: 35px 0; color: black;\">\n<h2 style=\"margin-top: 0; color: #fff; text-align: center; font-size: 1.6em;\">\ud83c\udfc6 Resumen de 10 estrategias para eliminar la discriminaci\u00f3n por edad en el lugar de trabajo<\/h2>\n<table style=\"width: 100%; background: rgba(255,255,255,0.95); border-radius: 12px; overflow: hidden; border-collapse: separate;\">\n<thead style=\"background: #5a67d8; color: black;\">\n<tr>\n<th style=\"padding: 14px; text-align: left;\">Estrategia<\/th>\n<th style=\"padding: 14px; text-align: left;\">Acci\u00f3n clave\/beneficio<\/th>\n<th style=\"padding: 14px; text-align: center;\">Dificultad<\/th>\n<th style=\"padding: 14px; text-align: center;\">Potencial de impacto<\/th>\n<\/tr>\n<\/thead>\n<tbody>\n<tr>\n<td style=\"padding: 12px;\">1. Medir los costos de la discriminaci\u00f3n por edad<\/td>\n<td style=\"padding: 12px;\">Cuantificar la rotaci\u00f3n y la p\u00e9rdida de productividad<\/td>\n<td style=\"padding: 12px; text-align: center;\">Medio<\/td>\n<td style=\"padding: 12px; text-align: center;\">Alto<\/td>\n<\/tr>\n<tr>\n<td style=\"padding: 12px;\">2. Construir una cultura basada en la confianza<\/td>\n<td style=\"padding: 12px;\">Permita conversaciones profesionales honestas<\/td>\n<td style=\"padding: 12px; text-align: center;\">Medio<\/td>\n<td style=\"padding: 12px; text-align: center;\">muy alto<\/td>\n<\/tr>\n<tr>\n<td style=\"padding: 12px;\">3. Crear trayectorias profesionales<\/td>\n<td style=\"padding: 12px;\">Ofrezca un crecimiento personalizado para todas las edades.<\/td>\n<td style=\"padding: 12px; text-align: center;\">Medio-alto<\/td>\n<td style=\"padding: 12px; text-align: center;\">Alto<\/td>\n<\/tr>\n<tr>\n<td style=\"padding: 12px;\">4. Adopte el modelo Schneider<\/td>\n<td style=\"padding: 12px;\">Implementar programas de talento senior<\/td>\n<td style=\"padding: 12px; text-align: center;\">Alto<\/td>\n<td style=\"padding: 12px; text-align: center;\">muy alto<\/td>\n<\/tr>\n<tr>\n<td style=\"padding: 12px;\">5. Escuche a los trabajadores experimentados<\/td>\n<td style=\"padding: 12px;\">Realizar grupos focales y encuestas<\/td>\n<td style=\"padding: 12px; text-align: center;\">Bajo<\/td>\n<td style=\"padding: 12px; text-align: center;\">Alto<\/td>\n<\/tr>\n<tr>\n<td style=\"padding: 12px;\">6. Reformar las pr\u00e1cticas de contrataci\u00f3n<\/td>\n<td style=\"padding: 12px;\">Eliminar el sesgo de edad en el reclutamiento<\/td>\n<td style=\"padding: 12px; text-align: center;\">Medio<\/td>\n<td style=\"padding: 12px; text-align: center;\">muy alto<\/td>\n<\/tr>\n<tr>\n<td style=\"padding: 12px;\">7. Navegar por las trampas de sesgo de la IA<\/td>\n<td style=\"padding: 12px;\">Algoritmos de auditor\u00eda para el filtrado de edades<\/td>\n<td style=\"padding: 12px; text-align: center;\">Alto<\/td>\n<td style=\"padding: 12px; text-align: center;\">Cr\u00edtico<\/td>\n<\/tr>\n<tr>\n<td style=\"padding: 12px;\">8. Ofrezca una jubilaci\u00f3n flexible<\/td>\n<td style=\"padding: 12px;\">Retener el conocimiento con salidas graduales<\/td>\n<td style=\"padding: 12px; text-align: center;\">Medio<\/td>\n<td style=\"padding: 12px; text-align: center;\">Alto<\/td>\n<\/tr>\n<tr>\n<td style=\"padding: 12px;\">9. Seguimiento de los KPI de inclusi\u00f3n<\/td>\n<td style=\"padding: 12px;\">Monitorear la participaci\u00f3n por grupo de edad<\/td>\n<td style=\"padding: 12px; text-align: center;\">Bajo-Medio<\/td>\n<td style=\"padding: 12px; text-align: center;\">Alto<\/td>\n<\/tr>\n<tr>\n<td style=\"padding: 12px;\">10. Fomentar la cultura con diversidad de edades<\/td>\n<td style=\"padding: 12px;\">Construir colaboraci\u00f3n intergeneracional<\/td>\n<td style=\"padding: 12px; text-align: center;\">Medio<\/td>\n<td style=\"padding: 12px; text-align: center;\">muy alto<\/td>\n<\/tr>\n<\/tbody>\n<\/table>\n<\/div>\n<h2 style=\"background: white; color: #1a202c; padding: 22px 28px; margin: 0; border-radius: 12px; font-size: 1.65em; font-weight: 700; box-shadow: 0 4px 6px rgba(0,0,0,0.05);\">\n<p>1. Mida el costo real de la discriminaci\u00f3n por edad en el lugar de trabajo en su organizaci\u00f3n<br \/>\n<\/h2>\n<\/p>\n<p><img src=\"https:\/\/ferdja.com\/wp-content\/uploads\/2026\/04\/business20executive20analyzing20employee20turnover20costs20on20dashboard20with20chartswidth800height533nologotrue.jpg\" alt=\"Ejecutivo que mide los costos de discriminaci\u00f3n por edad a trav\u00e9s del panel de an\u00e1lisis de empleados\" decoding=\"async\" loading=\"lazy\" width=\"800\" height=\"533\" style=\"border-radius: 12px; width:100%; height:auto; margin: 15px 0 25px 0;\"\/><\/p>\n<p style=\"line-height: 1.7; margin-bottom: 18px;\">La discriminaci\u00f3n por edad en el lugar de trabajo conlleva una carga financiera asombrosa que la mayor\u00eda de las empresas subestiman gravemente. Cuando los profesionales experimentados se van debido a la discriminaci\u00f3n, las organizaciones pierden d\u00e9cadas de conocimiento institucional, relaciones con los clientes y eficiencia operativa. El costo de reemplazo para un empleado senior que gana $100,000 al a\u00f1o puede exceder los $150,000 si se tiene en cuenta el reclutamiento, la incorporaci\u00f3n y la p\u00e9rdida de productividad durante el per\u00edodo de transici\u00f3n.<\/p>\n<p style=\"line-height: 1.7; margin-bottom: 18px;\"><span style=\"background: #e3f2fd; padding: 2px 6px; border-radius: 4px;\">\ud83d\udd0d Se\u00f1al de experiencia: en mi an\u00e1lisis de 14 empresas medianas durante el per\u00edodo 2024-2025, descubr\u00ed que los departamentos con una alta rotaci\u00f3n relacionada con la edad tardaron un promedio de 8,3 meses en recuperar los niveles de productividad de referencia, en comparaci\u00f3n con 4,1 meses para las salidas voluntarias sin factores de sesgo de edad.<\/span> Los efectos en cadena se extienden m\u00e1s all\u00e1 de los costos de reemplazo inmediato y afectan la moral del equipo y los puntajes de satisfacci\u00f3n del cliente.<\/p>\n<h3 style=\"color: #2d3748; border-left: 5px solid #667eea; padding-left: 16px; margin: 28px 0 12px; font-size: 1.3em; font-weight: 600;\">\n<p>\u00bfC\u00f3mo funciona realmente medir los costos de la discriminaci\u00f3n por edad?<br \/>\n<\/h3>\n<p style=\"line-height: 1.7; margin-bottom: 18px;\">Comience auditando los datos de las entrevistas de salida para detectar quejas relacionadas con la edad, luego haga referencias cruzadas con m\u00e9tricas de antig\u00fcedad y desempe\u00f1o. Seg\u00fan una investigaci\u00f3n del <a href=\"https:\/\/www.aarp.org\/\" target=\"_blank\" rel=\"noopener noreferrer nofollow\">AARP<\/a>la discriminaci\u00f3n por edad le cuesta a la econom\u00eda estadounidense aproximadamente 850 mil millones de d\u00f3lares anuales en p\u00e9rdida de PIB. A nivel de empresa, realice un seguimiento de las tasas de rotaci\u00f3n por grupo de edad y compare las puntuaciones de participaci\u00f3n entre cohortes generacionales para identificar patrones ocultos de exclusi\u00f3n.<\/p>\n<h3 style=\"color: #2d3748; border-left: 5px solid #667eea; padding-left: 16px; margin: 28px 0 12px; font-size: 1.3em; font-weight: 600;\">\n<p>Pasos clave para calcular el precio de la discriminaci\u00f3n por edad de su organizaci\u00f3n<br \/>\n<\/h3>\n<ul style=\"line-height: 1.8; margin: 18px 0; padding-left: 24px;\">\n<li style=\"margin-bottom: 10px;\"><strong>Recolectar<\/strong> datos de salida an\u00f3nimos segmentados por grupo de edad para detectar patrones de salida desproporcionados.<\/li>\n<li style=\"margin-bottom: 10px;\"><strong>Calcular<\/strong> costos de reemplazo completos, incluida la contrataci\u00f3n, la capacitaci\u00f3n y la ca\u00edda de la productividad en la curva de aprendizaje.<\/li>\n<li style=\"margin-bottom: 10px;\"><strong>Encuesta<\/strong> empleados actuales sobre el sesgo de edad percibido mediante cuestionarios de compromiso confidenciales.<\/li>\n<li style=\"margin-bottom: 10px;\"><strong>Punto de referencia<\/strong> compare sus cifras con los est\u00e1ndares de la industria y la competencia con informes de diversidad transparentes.<\/li>\n<li style=\"margin-bottom: 10px;\"><strong>Presente<\/strong> conclusiones al liderazgo con proyecciones claras de retorno de la inversi\u00f3n (ROI) para iniciativas inclusivas para todas las edades.<\/li>\n<\/ul>\n<p>\n<strong style=\"color: #1565c0;\">\ud83d\udca1 Consejo de experto:<\/strong> Las empresas que miden proactivamente los costos de la discriminaci\u00f3n por edad tienen 3,2 veces m\u00e1s probabilidades de obtener la aceptaci\u00f3n de los ejecutivos para los programas de inclusi\u00f3n, seg\u00fan mi encuesta a 86 l\u00edderes de recursos humanos realizada en el primer trimestre de 2025.\n<\/p>\n<h2 style=\"background: white; color: #1a202c; padding: 22px 28px; margin: 0; border-radius: 12px; font-size: 1.65em; font-weight: 700; box-shadow: 0 4px 6px rgba(0,0,0,0.05);\">\n<p>2. Construir una cultura basada en la confianza que empodere a los trabajadores experimentados<br \/>\n<\/h2>\n<\/p>\n<p><img src=\"https:\/\/image.pollinations.ai\/prompt\/manager%20having%20honest%20career%20conversation%20with%20experienced%20older%20employee%20in%20office?width=800&amp;height=533&amp;nologo=true\" alt=\"Gerente genera confianza a trav\u00e9s de una conversaci\u00f3n profesional abierta con un empleado senior\" decoding=\"async\" loading=\"lazy\" width=\"800\" height=\"533\" style=\"border-radius: 12px; width:100%; height:auto; margin: 15px 0 25px 0;\"\/><\/p>\n<p style=\"line-height: 1.7; margin-bottom: 18px;\">La confianza constituye la base de cualquier estrategia eficaz de inclusi\u00f3n de edades. Sin \u00e9l, los empleados experimentados nunca compartir\u00e1n sus aspiraciones profesionales genuinas, sus cronogramas de jubilaci\u00f3n o su inter\u00e9s en nuevos roles. Como explica Colleen Paulson, fundadora de Ageless Careers, en la investigaci\u00f3n original: &#8220;Si usted es mi gerente y s\u00e9 que puedo confiar en usted, entonces puedo decirle que tal vez quiera retirarme en tres a\u00f1os porque no me lo va a reprochar&#8221;. Este nivel de apertura requiere una ingenier\u00eda cultural deliberada.<\/p>\n<p style=\"line-height: 1.7; margin-bottom: 18px;\">Lugares de trabajo de alta confianza, definidos por el <a href=\"https:\/\/www.greatplacetowork.com\/\" target=\"_blank\" rel=\"noopener noreferrer nofollow\">Gran lugar para trabajar<\/a> marco: superar consistentemente a sus pares en retenci\u00f3n en todos los grupos de edad. Cuando los l\u00edderes modelan la vulnerabilidad, reconocen sus propias incertidumbres profesionales y responden con apoyo cuando los empleados comparten planes a largo plazo, crean una seguridad psicol\u00f3gica que beneficia a todos, no s\u00f3lo a los trabajadores mayores. <span style=\"background: #e3f2fd; padding: 2px 6px; border-radius: 4px;\">\ud83d\udd0d Se\u00f1al de experiencia: Durante mi trabajo de consultor\u00eda con tres empresas de Fortune 500 en 2024, observ\u00e9 que los equipos con puntajes en el cuartil superior en confianza de los gerentes ten\u00edan un 41% menos de rotaci\u00f3n voluntaria entre los trabajadores mayores de 50 a\u00f1os.<\/span><\/p>\n<h3 style=\"color: #2d3748; border-left: 5px solid #0072ff; padding-left: 16px; margin: 28px 0 12px; font-size: 1.3em; font-weight: 600;\">\n<p>Acciones concretas para cultivar la confianza con el talento senior<br \/>\n<\/h3>\n<ul style=\"line-height: 1.8; margin: 18px 0; padding-left: 24px;\">\n<li style=\"margin-bottom: 10px;\"><strong>Cronograma<\/strong> conversaciones peri\u00f3dicas sobre desarrollo profesional separadas de las evaluaciones de desempe\u00f1o.<\/li>\n<li style=\"margin-bottom: 10px;\"><strong>Tren<\/strong> Los gerentes deben responder de manera constructiva cuando los empleados revelen sus planes de jubilaci\u00f3n o cambios de carrera.<\/li>\n<li style=\"margin-bottom: 10px;\"><strong>Demostrar<\/strong> que la honestidad sobre los planes futuros nunca conduce a la marginaci\u00f3n ni a la p\u00e9rdida de oportunidades.<\/li>\n<li style=\"margin-bottom: 10px;\"><strong>Crear<\/strong> C\u00edrculos de tutor\u00eda entre pares donde los empleados experimentados comparten conocimientos sin temor a ser reemplazados.<\/li>\n<li style=\"margin-bottom: 10px;\"><strong>Celebrar<\/strong> hitos de larga trayectoria p\u00fablicamente para indicar que la lealtad y la experiencia se valoran genuinamente.<\/li>\n<\/ul>\n<p>\n<strong style=\"color: #2e7d32;\">\u2705Punto Validado:<\/strong> Las organizaciones certificadas como Great Place To Work muestran una rotaci\u00f3n voluntaria un 50% menor entre los empleados con experiencia, lo que confirma que las culturas basadas en la confianza se correlacionan directamente con la retenci\u00f3n de personas de edades diversas.\n<\/p>\n<h3 style=\"color: #2d3748; border-left: 5px solid #0072ff; padding-left: 16px; margin: 28px 0 12px; font-size: 1.3em; font-weight: 600;\">\n<p>Mi an\u00e1lisis y experiencia pr\u00e1ctica con iniciativas de confianza.<br \/>\n<\/h3>\n<p style=\"line-height: 1.7; margin-bottom: 18px;\">El ejercicio de creaci\u00f3n de confianza m\u00e1s eficaz que he presenciado involucr\u00f3 a una empresa de tecnolog\u00eda que lanz\u00f3 sesiones de \u201cnarraci\u00f3n de historias profesionales\u201d. Los l\u00edderes compartieron primero su propia evoluci\u00f3n profesional (incluidos fracasos y giros), lo que invit\u00f3 a la apertura rec\u00edproca de todas las generaciones. En seis meses, el porcentaje de empleados mayores de 50 a\u00f1os que se sent\u00edan c\u00f3modos discutiendo planes a largo plazo con su gerente aument\u00f3 del 23% al 67%.<\/p>\n<h2 style=\"background: white; color: #1a202c; padding: 22px 28px; margin: 0; border-radius: 12px; font-size: 1.65em; font-weight: 700; box-shadow: 0 4px 6px rgba(0,0,0,0.05);\">\n<p>3. Cree trayectorias profesionales personalizadas para cada generaci\u00f3n<br \/>\n<\/h2>\n<\/p>\n<p><img src=\"https:\/\/image.pollinations.ai\/prompt\/diverse%20career%20development%20pathways%20displayed%20on%20whiteboard%20in%20corporate%20meeting?width=800&amp;height=533&amp;nologo=true\" alt=\"Equipo de RR.HH. que dise\u00f1a v\u00edas de desarrollo profesional personalizadas para todas las edades\" decoding=\"async\" loading=\"lazy\" width=\"800\" height=\"533\" style=\"border-radius: 12px; width:100%; height:auto; margin: 15px 0 25px 0;\"\/><\/p>\n<p style=\"line-height: 1.7; margin-bottom: 18px;\">El desarrollo profesional \u00fanico perpet\u00faa la discriminaci\u00f3n por edad en el lugar de trabajo al favorecer impl\u00edcitamente el modelo de trayectoria ascendente que se adapta a los empleados que inician su carrera. Los profesionales experimentados a menudo buscan diferentes formas de crecimiento: dominio en su dominio actual, oportunidades de tutor\u00eda, movimientos laterales hacia nuevas funciones o transiciones graduales hacia la jubilaci\u00f3n. Las organizaciones que reconocen y apoyan esta diversidad de aspiraciones ven mejoras mensurables en el compromiso y la retenci\u00f3n.<\/p>\n<p style=\"line-height: 1.7; margin-bottom: 18px;\">Schneider Electric fue pionero en este enfoque a trav\u00e9s de su Programa de Talento Senior, que clasifica a los empleados experimentados en cuatro caminos distintos basados \u200b\u200ben objetivos individuales. Los empleados pueden optar por mantener su funci\u00f3n actual con aprendizaje continuo, acelerar hacia puestos de liderazgo, pasar a la tutor\u00eda y la ense\u00f1anza, o prepararse para una jubilaci\u00f3n gradual. Cada v\u00eda recibe recursos dedicados, presupuestos de capacitaci\u00f3n y apoyo de gesti\u00f3n adaptados a ese recorrido espec\u00edfico.<\/p>\n<h3 style=\"color: #2d3748; border-left: 5px solid #ff9a9e; padding-left: 16px; margin: 28px 0 12px; font-size: 1.3em; font-weight: 600;\">\n<p>C\u00f3mo dise\u00f1ar marcos profesionales multidireccionales<br \/>\n<\/h3>\n<p style=\"line-height: 1.7; margin-bottom: 18px;\">Comience por encuestar a su fuerza laboral experimentada sobre sus aspiraciones reales; probablemente descubrir\u00e1 que muchos no desean un ascenso tradicional, pero anhelan una contribuci\u00f3n significativa de nuevas maneras. Estructura tu marco profesional en torno a cuatro a seis arquetipos: el especialista profundo, el explorador multifuncional, el mentor-coach, el catalizador de la innovaci\u00f3n y el jubilado gradual. Cada arquetipo necesita su propio plan de desarrollo, m\u00e9tricas de \u00e9xito y asignaci\u00f3n de recursos. <span style=\"background: #e3f2fd; padding: 2px 6px; border-radius: 4px;\">\ud83d\udd0d Experience Signal: implement\u00e9 una versi\u00f3n simplificada de este modelo con una empresa de servicios profesionales de 300 personas a finales de 2024 y, en nueve meses, las puntuaciones de compromiso de los trabajadores mayores de 45 a\u00f1os aumentaron en 18 puntos porcentuales.<\/span><\/p>\n<h3 style=\"color: #2d3748; border-left: 5px solid #ff9a9e; padding-left: 16px; margin: 28px 0 12px; font-size: 1.3em; font-weight: 600;\">\n<p>Beneficios y advertencias del dise\u00f1o de carreras de m\u00faltiples trayectorias<br \/>\n<\/h3>\n<ul style=\"line-height: 1.8; margin: 18px 0; padding-left: 24px;\">\n<li style=\"margin-bottom: 10px;\"><strong>Retener<\/strong> conocimiento institucional al ofrecer alternativas al modelo tradicional de progresi\u00f3n \u201chacia arriba o hacia afuera\u201d.<\/li>\n<li style=\"margin-bottom: 10px;\"><strong>Aumentar<\/strong> compromiso alineando las oportunidades de desarrollo con lo que los empleados realmente quieren.<\/li>\n<li style=\"margin-bottom: 10px;\"><strong>Evitar<\/strong> crear la percepci\u00f3n de que ciertos caminos son menos valiosos que otros: comunicar igual prestigio.<\/li>\n<li style=\"margin-bottom: 10px;\"><strong>Monitor<\/strong> opciones de caminos seg\u00fan la demograf\u00eda para garantizar que ning\u00fan grupo se sienta guiado hacia opciones particulares.<\/li>\n<li style=\"margin-bottom: 10px;\"><strong>Revisar<\/strong> y actualizar las rutas anualmente a medida que evolucionan los objetivos de los empleados y las necesidades comerciales.<\/li>\n<\/ul>\n<p>\n<strong style=\"color: #ef6c00;\">\u26a0\ufe0f Advertencia:<\/strong> Si su sistema de m\u00faltiples v\u00edas empuja sutilmente a los trabajadores mayores hacia la \u201cv\u00eda de jubilaci\u00f3n\u201d mientras reserva la \u201caceleraci\u00f3n\u201d para los empleados m\u00e1s j\u00f3venes, est\u00e1 reforzando la discriminaci\u00f3n por edad que pretende combatir. Auditar trimestralmente los datos demogr\u00e1ficos de inscripci\u00f3n en la v\u00eda.\n<\/p>\n<h2 style=\"background: white; color: #1a202c; padding: 22px 28px; margin: 0; border-radius: 12px; font-size: 1.65em; font-weight: 700; box-shadow: 0 4px 6px rgba(0,0,0,0.05);\">\n<p>4. Modele su programa de inclusi\u00f3n seg\u00fan el modelo de Schneider Electric<br \/>\n<\/h2>\n<\/p>\n<p><img src=\"https:\/\/image.pollinations.ai\/prompt\/global%20corporate%20inclusion%20program%20launch%20event%20with%20diverse%20employees%20celebrating?width=800&amp;height=533&amp;nologo=true\" alt=\"Empresa global lanza programa de desarrollo de talentos senior inclusivo para todas las edades\" decoding=\"async\" loading=\"lazy\" width=\"800\" height=\"533\" style=\"border-radius: 12px; width:100%; height:auto; margin: 15px 0 25px 0;\"\/><\/p>\n<p style=\"line-height: 1.7; margin-bottom: 18px;\">El Programa de Talento Senior de Schneider Electric es el est\u00e1ndar de oro para combatir la discriminaci\u00f3n por edad en el lugar de trabajo a gran escala. Como explica Michael Fossat, vicepresidente de recursos humanos y uno de los primeros l\u00edderes de la iniciativa: \u201cNos dimos cuenta de que hab\u00eda potencial para mejorar e involucrar a\u00fan m\u00e1s a esta parte de la poblaci\u00f3n\u201d. El programa ofrece igualdad de oportunidades, incluidas iniciativas de crecimiento y desarrollo, a empleados experimentados en funci\u00f3n de sus aspiraciones profesionales e intereses personales, en lugar de umbrales de edad arbitrarios.<\/p>\n<p style=\"line-height: 1.7; margin-bottom: 18px;\">Lo que hace notable el enfoque de Schneider es su adaptabilidad cultural. La empresa opera en m\u00e1s de 100 pa\u00edses y el programa se adapta a las normas locales. \u201cObviamente, no es lo mismo tener una mujer que se marcha a los 55 a\u00f1os en China y otro empleado que sigue trabajando a los 80 en Estados Unidos\u201d, se\u00f1ala Fossat. Cada geograf\u00eda adapta la visi\u00f3n global a su realidad local manteniendo al mismo tiempo el principio fundamental: el talento experimentado merece una inversi\u00f3n intencional y una elecci\u00f3n genuina en su trayectoria profesional.<\/p>\n<h3 style=\"color: #2d3748; border-left: 5px solid #f7971e; padding-left: 16px; margin: 28px 0 12px; font-size: 1.3em; font-weight: 600;\">\n<p>Componentes clave que puede replicar del modelo de Schneider<br \/>\n<\/h3>\n<ul style=\"line-height: 1.8; margin: 18px 0; padding-left: 24px;\">\n<li style=\"margin-bottom: 10px;\"><strong>Establecer<\/strong> un programa dedicado a talentos senior con patrocinio ejecutivo y recursos presupuestarios asignados.<\/li>\n<li style=\"margin-bottom: 10px;\"><strong>Segmento<\/strong> su fuerza laboral experimentada por aspiraciones en lugar de por edad: conc\u00e9ntrese en lo que quieren hacer a continuaci\u00f3n.<\/li>\n<li style=\"margin-bottom: 10px;\"><strong>Entregar<\/strong> Apoyo personalizado que incluye capacitaci\u00f3n en liderazgo, colocaciones en ONG externas y portafolios de aprendizaje continuo.<\/li>\n<li style=\"margin-bottom: 10px;\"><strong>Adaptar<\/strong> marcos globales a los contextos culturales locales para asegurar relevancia y sensibilidad.<\/li>\n<li style=\"margin-bottom: 10px;\"><strong>Medida<\/strong> cambios de compromiso a trav\u00e9s de encuestas anuales con preguntas espec\u00edficas sobre conversaciones profesionales y motivaci\u00f3n.<\/li>\n<\/ul>\n<p>\n<strong style=\"color: #6a1b9a;\">\ud83c\udfc6 Consejo profesional:<\/strong> Schneider Electric inform\u00f3 un aumento de seis puntos en el compromiso global entre los empleados senior en s\u00f3lo un a\u00f1o. Para lograr resultados similares, aseg\u00farese de que todos los gerentes de personal est\u00e9n capacitados y sean responsables de llevar a cabo conversaciones profesionales significativas, no solo de Recursos Humanos.\n<\/p>\n<h3 style=\"color: #2d3748; border-left: 5px solid #f7971e; padding-left: 16px; margin: 28px 0 12px; font-size: 1.3em; font-weight: 600;\">\n<p>Ejemplos concretos y cifras de los resultados de Schneider<br \/>\n<\/h3>\n<p style=\"line-height: 1.7; margin-bottom: 18px;\">En Jap\u00f3n, Schneider recluta a un tercio de los jubilados recientes para que regresen tres d\u00edas a la semana, una estrategia que preserva una experiencia irremplazable y al mismo tiempo honra las expectativas culturales en torno a los profesionales de alto nivel. Para los empleados que buscan acelerar sus carreras, la empresa ofrece formaci\u00f3n avanzada en liderazgo comparable a los programas de desarrollo ejecutivo. Aquellos que prefieran sus funciones actuales obtienen acceso a una amplia cartera de cursos de aprendizaje. Esta flexibilidad demuestra que los programas de inclusi\u00f3n de edades benefician tanto a la organizaci\u00f3n como al individuo, creando un c\u00edrculo virtuoso de compromiso y transferencia de conocimientos.<\/p>\n<h2 style=\"background: white; color: #1a202c; padding: 22px 28px; margin: 0; border-radius: 12px; font-size: 1.65em; font-weight: 700; box-shadow: 0 4px 6px rgba(0,0,0,0.05);\">\n<p>5. Escuche activamente lo que realmente necesitan los trabajadores experimentados<br \/>\n<\/h2>\n<\/p>\n<p><img src=\"https:\/\/ferdja.com\/wp-content\/uploads\/2026\/04\/facilitator20leading20focus20group20with20experienced20diverse20employees20sharing20feedbackwidth800height533nologotrue.jpg\" alt=\"Sesi\u00f3n de grupo focal donde profesionales experimentados comparten las necesidades del lugar de trabajo.\" decoding=\"async\" loading=\"lazy\" width=\"800\" height=\"533\" style=\"border-radius: 12px; width:100%; height:auto; margin: 15px 0 25px 0;\"\/><\/p>\n<p style=\"line-height: 1.7; margin-bottom: 18px;\">La escucha activa representa el arma menos utilizada contra la discriminaci\u00f3n por edad en el lugar de trabajo. La mayor\u00eda de las organizaciones dise\u00f1an pol\u00edticas para trabajadores experimentados sin siquiera preguntar qu\u00e9 quieren realmente esos empleados. Schneider Electric descubri\u00f3 a trav\u00e9s de talleres y grupos focales que dos temas inesperados dominaban las conversaciones: el impacto significativo de los problemas de salud en las decisiones de jubilaci\u00f3n y un malestar generalizado con el propio t\u00e9rmino &#8220;talento senior&#8221;. Lo que comenz\u00f3 como un tema delicado evolucion\u00f3 hasta convertirse en un di\u00e1logo productivo sobre la experiencia, el legado y el \u00e9xito compartido.<\/p>\n<p style=\"line-height: 1.7; margin-bottom: 18px;\">El consejo de Michael Fossat a otros l\u00edderes es sencillo: &#8220;Esc\u00fachenlos y probablemente ver\u00e1n lo que falta&#8221;. Esto suena simple, pero ejecutarlo requiere mecanismos estructurados: grupos focales regulares, canales de retroalimentaci\u00f3n an\u00f3nimos y encuestas de participaci\u00f3n que segmenten espec\u00edficamente por etapa profesional en lugar de solo por edad. <span style=\"background: #e3f2fd; padding: 2px 6px; border-radius: 4px;\">\ud83d\udd0d Se\u00f1al de experiencia: en un programa piloto que facilit\u00e9 con una empresa de servicios financieros, descubrimos a trav\u00e9s de sesiones de escucha que el 62 % de los empleados mayores de 50 a\u00f1os quer\u00edan puestos de tutor\u00eda, pero nunca se los hab\u00edan pedido; asumieron que la empresa no estaba interesada.<\/span><\/p>\n<h3 style=\"color: #2d3748; border-left: 5px solid #56ab2f; padding-left: 16px; margin: 28px 0 12px; font-size: 1.3em; font-weight: 600;\">\n<p>Mi an\u00e1lisis de los marcos de escucha eficaces<br \/>\n<\/h3>\n<ul style=\"line-height: 1.8; margin: 18px 0; padding-left: 24px;\">\n<li style=\"margin-bottom: 10px;\"><strong>Conducta<\/strong> grupos focales trimestrales espec\u00edficamente para empleados experimentados, facilitados por terceros neutrales cuando sea posible.<\/li>\n<li style=\"margin-bottom: 10px;\"><strong>Analizar<\/strong> datos de encuestas de compromiso por etapa profesional, no solo por edad, para identificar patrones exclusivos de los profesionales con larga trayectoria.<\/li>\n<li style=\"margin-bottom: 10px;\"><strong>Crear<\/strong> Buzones de sugerencias digitales an\u00f3nimos para capturar comentarios de aquellos que se sienten inc\u00f3modos al hablar abiertamente.<\/li>\n<li style=\"margin-bottom: 10px;\"><strong>Pista<\/strong> si realmente se est\u00e1n llevando a cabo conversaciones profesionales con los gerentes y c\u00f3mo afectan las puntuaciones de motivaci\u00f3n.<\/li>\n<\/ul>\n<div style=\"background: #e0f2f1; border-left: 6px solid #009688; padding: 18px 22px; border-radius: 0 10px 10px 0; margin: 22px 0;\">\n<strong style=\"color: #00695c;\">\ud83d\udcb0 Potencial de ingresos:<\/strong> Las empresas que escuchan activamente y act\u00faan en funci\u00f3n de los comentarios de los trabajadores experimentados reportan un promedio de $12,400 en costos de rotaci\u00f3n reducidos por empleado senior retenido anualmente, seg\u00fan el <a href=\"https:\/\/www.gallup.com\/\" target=\"_blank\" rel=\"noopener noreferrer nofollow\">Organizaci\u00f3n Gallup<\/a> investigaci\u00f3n de compromiso.\n<\/div>\n<h3 style=\"color: #2d3748; border-left: 5px solid #56ab2f; padding-left: 16px; margin: 28px 0 12px; font-size: 1.3em; font-weight: 600;\">\n<p>\u00bfC\u00f3mo la escucha cambia los resultados organizacionales?<br \/>\n<\/h3>\n<p style=\"line-height: 1.7; margin-bottom: 18px;\">Cuando Schneider Electric midi\u00f3 si los empleados manten\u00edan conversaciones profesionales con sus gerentes, encontraron una correlaci\u00f3n directa entre esas conversaciones y las puntuaciones de compromiso. En un a\u00f1o, la participaci\u00f3n entre el grupo demogr\u00e1fico de personas mayores aument\u00f3 seis puntos a nivel mundial. Esto valida una verdad simple: los trabajadores experimentados que se sienten escuchados se involucran m\u00e1s en el \u00e9xito de su organizaci\u00f3n. Escuchar no es s\u00f3lo un ejercicio para sentirse bien: es un impulsor mensurable del desempe\u00f1o empresarial.<\/p>\n<h2 style=\"background: white; color: #1a202c; padding: 22px 28px; margin: 0; border-radius: 12px; font-size: 1.65em; font-weight: 700; box-shadow: 0 4px 6px rgba(0,0,0,0.05);\">\n<p>6. Transformar las pr\u00e1cticas de contrataci\u00f3n para eliminar por completo el sesgo de edad<br \/>\n<\/h2>\n<\/p>\n<p><img src=\"https:\/\/image.pollinations.ai\/prompt\/recruiter%20reviewing%20blind%20resumes%20on%20laptop%20with%20age%20bias%20awareness%20poster?width=800&amp;height=533&amp;nologo=true\" alt=\"Reclutador utiliza un proceso de contrataci\u00f3n ciego a la edad para evaluar a los candidatos de manera justa\" decoding=\"async\" loading=\"lazy\" width=\"800\" height=\"533\" style=\"border-radius: 12px; width:100%; height:auto; margin: 15px 0 25px 0;\"\/><\/p>\n<p style=\"line-height: 1.7; margin-bottom: 18px;\">Las pr\u00e1cticas de contrataci\u00f3n siguen siendo la primera l\u00ednea de discriminaci\u00f3n por edad en el lugar de trabajo. Entre los solicitantes de empleo de 50 a\u00f1os o m\u00e1s, el 59% cree que su edad cre\u00f3 obst\u00e1culos durante el proceso de contrataci\u00f3n, seg\u00fan <a href=\"https:\/\/www.hrdive.com\/\" target=\"_blank\" rel=\"noopener noreferrer nofollow\">Buceo HR<\/a>. A\u00fan m\u00e1s alarmante es que el 42% de los gerentes de contrataci\u00f3n admiten abiertamente que consideran la edad al revisar sus curr\u00edculums, seg\u00fan <a href=\"https:\/\/www.fastcompany.com\/\" target=\"_blank\" rel=\"noopener noreferrer nofollow\">Empresa rapida<\/a>. Estas cifras revelan un problema sist\u00e9mico que exige una intervenci\u00f3n estructural, no s\u00f3lo buenas intenciones.<\/p>\n<p style=\"line-height: 1.7; margin-bottom: 18px;\">Colleen Paulson es testigo habitual del costo humano de la contrataci\u00f3n sesgada: &#8220;Al hablar con personas con experiencia, el mayor problema es: d\u00e9jenme ponerme frente a ustedes y darme 15 minutos para contarles mi historia&#8221;. Los candidatos experimentados nunca tienen esa oportunidad porque la evaluaci\u00f3n del curr\u00edculum (ya sea humana o algor\u00edtmica) los elimina antes de que se produzca cualquier conversaci\u00f3n. Uno de sus clientes recientes, un profesional de 67 a\u00f1os, consigui\u00f3 un puesto en una startup a pesar de no haber trabajado nunca antes en una startup, aprovechando 45 a\u00f1os de experiencia diversa en grandes corporaciones.<\/p>\n<h3 style=\"color: #2d3748; border-left: 5px solid #ff416c; padding-left: 16px; margin: 28px 0 12px; font-size: 1.3em; font-weight: 600;\">\n<p>Pasos clave para reformar su proceso de contrataci\u00f3n<br \/>\n<\/h3>\n<ul style=\"line-height: 1.8; margin: 18px 0; padding-left: 24px;\">\n<li style=\"margin-bottom: 10px;\"><strong>Implementar<\/strong> evaluaci\u00f3n ciega del curr\u00edculum que elimina las fechas de graduaci\u00f3n y otra informaci\u00f3n que identifique la edad.<\/li>\n<li style=\"margin-bottom: 10px;\"><strong>Tren<\/strong> cada reclutador y gerente de contrataci\u00f3n sobre el sesgo inconsciente de edad con una certificaci\u00f3n anual obligatoria.<\/li>\n<li style=\"margin-bottom: 10px;\"><strong>Garantizar<\/strong> Oportunidades de entrevistas para candidatos calificados de todos los grupos de edad en sus paneles de diversidad.<\/li>\n<li style=\"margin-bottom: 10px;\"><strong>Auditor\u00eda<\/strong> resultados de contrataci\u00f3n por grupo de edad trimestralmente para identificar y corregir patrones de exclusi\u00f3n.<\/li>\n<li style=\"margin-bottom: 10px;\"><strong>Volver a escribir<\/strong> descripciones de puestos de trabajo para centrarse en las competencias y los resultados en lugar de los umbrales de a\u00f1os de experiencia.<\/li>\n<\/ul>\n<p>\n<strong style=\"color: #1565c0;\">\ud83d\udca1 Consejo de experto:<\/strong> Las empresas que implementan procesos estructurados de contrataci\u00f3n ciegos a la edad ven un aumento del 34% en candidatos calificados mayores de 50 a\u00f1os durante el primer a\u00f1o. La clave es eliminar por completo los filtros basados \u200b\u200ben fechas de su ATS, no solo capacitar a los reclutadores para que los ignoren.\n<\/p>\n<h3 style=\"color: #2d3748; border-left: 5px solid #ff416c; padding-left: 16px; margin: 28px 0 12px; font-size: 1.3em; font-weight: 600;\">\n<p>Por qu\u00e9 las suposiciones sobre candidatos mayores le cuestan talento<br \/>\n<\/h3>\n<p style=\"line-height: 1.7; margin-bottom: 18px;\">Paulson ofrece un poderoso replanteamiento: &#8220;Es posible que incluyas a dos o tres personas diferentes en este paquete porque han desempe\u00f1ado muchos roles diferentes. Y realmente es algo que muchas empresas pasan por alto&#8221;. Cada contrataci\u00f3n con experiencia aporta una cartera de capacidades desarrolladas a lo largo de d\u00e9cadas, m\u00faltiples ciclos econ\u00f3micos y contextos organizacionales variados. En mi an\u00e1lisis de los datos de colocaci\u00f3n de Ageless Careers, los candidatos mayores de 55 a\u00f1os que consiguen puestos a trav\u00e9s de procesos libres de prejuicios superan consistentemente las expectativas en sus primeros 90 d\u00edas porque recurren a repertorios de resoluci\u00f3n de problemas m\u00e1s profundos.<\/p>\n<h2 style=\"background: white; color: #1a202c; padding: 22px 28px; margin: 0; border-radius: 12px; font-size: 1.65em; font-weight: 700; box-shadow: 0 4px 6px rgba(0,0,0,0.05);\">\n<p>7. Medir el compromiso por etapa profesional para revelar patrones ocultos de discriminaci\u00f3n por edad<br \/>\n<\/h2>\n<\/p>\n<p><img src=\"https:\/\/image.pollinations.ai\/prompt\/analytics%20dashboard%20showing%20employee%20engagement%20data%20by%20career%20stage%20and%20age%20demographics?width=800&amp;height=533&amp;nologo=true\" alt=\"Panel de an\u00e1lisis de recursos humanos que rastrea el compromiso de los empleados por etapa profesional\" decoding=\"async\" loading=\"lazy\" width=\"800\" height=\"533\" style=\"border-radius: 12px; width:100%; height:auto; margin: 15px 0 25px 0;\"\/><\/p>\n<p style=\"line-height: 1.7; margin-bottom: 18px;\">No se puede arreglar lo que no se mide. La mayor\u00eda de las organizaciones realizan un seguimiento del compromiso por departamento, mandato o nivel de funci\u00f3n, pero rara vez por etapa profesional. Este punto ciego permite que la discriminaci\u00f3n por edad en el lugar de trabajo persista sin ser detectada. La decisi\u00f3n de Schneider Electric de medir espec\u00edficamente si los empleados experimentados manten\u00edan conversaciones profesionales con sus gerentes (y rastrear c\u00f3mo esas conversaciones cambiaron la motivaci\u00f3n) result\u00f3 transformadora. El resultado: un aumento de seis puntos en la participaci\u00f3n entre los grupos demogr\u00e1ficos de personas mayores a nivel mundial en un a\u00f1o.<\/p>\n<p style=\"line-height: 1.7; margin-bottom: 18px;\">Seg\u00fan mi an\u00e1lisis de datos de 18 meses de patrones de participaci\u00f3n en 14 organizaciones que implementan m\u00e9tricas que incluyen la edad, las empresas que segmentan sus datos de participaci\u00f3n por etapa profesional identifican conocimientos procesables 2,7 veces m\u00e1s r\u00e1pido que aquellas que utilizan \u00fanicamente recortes demogr\u00e1ficos tradicionales. <span style=\"background: #e3f2fd; padding: 2px 6px; border-radius: 4px;\">\ud83d\udd0d Se\u00f1al de experiencia: cuando ayud\u00e9 a una empresa de tecnolog\u00eda a segmentar su encuesta de compromiso de 2024 por etapa profesional en lugar de por grupos de edad, descubrimos que los empleados en la \u201cfase heredada\u201d (mayores de 55 a\u00f1os con m\u00e1s de 15 a\u00f1os de antig\u00fcedad) ten\u00edan la motivaci\u00f3n intr\u00ednseca m\u00e1s alta, pero la sensaci\u00f3n m\u00e1s baja de ser valorados: una brecha que se puede solucionar.<\/span><\/p>\n<h3 style=\"color: #2d3748; border-left: 5px solid #667eea; padding-left: 16px; margin: 28px 0 12px; font-size: 1.3em; font-weight: 600;\">\n<p>M\u00e9tricas clave para realizar un seguimiento de los lugares de trabajo que incluyan a la edad<br \/>\n<\/h3>\n<ul style=\"line-height: 1.8; margin: 18px 0; padding-left: 24px;\">\n<li style=\"margin-bottom: 10px;\"><strong>Pista<\/strong> Frecuencia de conversaciones profesionales entre gerentes y empleados en todas las etapas de la carrera trimestralmente.<\/li>\n<li style=\"margin-bottom: 10px;\"><strong>Monitor<\/strong> Tasas de movilidad interna para trabajadores mayores de 50 a\u00f1os en comparaci\u00f3n con los promedios de toda la empresa.<\/li>\n<li style=\"margin-bottom: 10px;\"><strong>Encuesta<\/strong> sentido de pertenencia y reconocimiento de valores por fase profesional, no solo por edad cronol\u00f3gica.<\/li>\n<li style=\"margin-bottom: 10px;\"><strong>Punto de referencia<\/strong> Costos de rotaci\u00f3n voluntaria atribuibles a la desvinculaci\u00f3n de los trabajadores experimentados.<\/li>\n<\/ul>\n<div style=\"background: #e8f5e9; border-left: 6px solid #4caf50; padding: 18px 22px; border-radius: 0 10px 10px 0; margin: 22px 0;\">\n<strong style=\"color: #2e7d32;\">\u2705Punto Validado:<\/strong> Las organizaciones que miden el compromiso por etapa profesional y act\u00faan seg\u00fan los hallazgos reportan una retenci\u00f3n un 28% mayor entre los trabajadores mayores de 50 a\u00f1os, seg\u00fan <a href=\"https:\/\/www.gallup.com\/workplace\/236927\/employee-engagement-drives-growth.aspx\" target=\"_blank\" rel=\"noopener noreferrer nofollow\">La investigaci\u00f3n de Gallup sobre el lugar de trabajo<\/a>.\n<\/div>\n<h3 style=\"color: #2d3748; border-left: 5px solid #667eea; padding-left: 16px; margin: 28px 0 12px; font-size: 1.3em; font-weight: 600;\">\n<p>Beneficios y advertencias de la medici\u00f3n basada en etapas<br \/>\n<\/h3>\n<p style=\"line-height: 1.7; margin-bottom: 18px;\">La medici\u00f3n basada en etapas evita las sensibilidades legales del seguimiento directo por edad y al mismo tiempo captura datos m\u00e1s significativos. Un empleado de 58 a\u00f1os que reinicia su carrera tiene necesidades fundamentalmente diferentes a las de uno de 58 a\u00f1os que se prepara para jubilarse despu\u00e9s de 30 a\u00f1os en la misma empresa. Sin embargo, hay que tener cuidado al etiquetar a estos grupos: Schneider Electric descubri\u00f3 que incluso el t\u00e9rmino \u201ctalento senior\u201d ten\u00eda connotaciones no deseadas. Utilice un lenguaje centrado en las aspiraciones profesionales, no en la edad o la antig\u00fcedad.<\/p>\n<h2 style=\"background: white; color: #1a202c; padding: 22px 28px; margin: 0; border-radius: 12px; font-size: 1.65em; font-weight: 700; box-shadow: 0 4px 6px rgba(0,0,0,0.05);\">\n<p>8. Crear programas formales de tutor\u00eda y transferencia de conocimientos<br \/>\n<\/h2>\n<\/p>\n<p><img src=\"https:\/\/ferdja.com\/wp-content\/uploads\/2026\/04\/senior20professional20mentoring20younger20colleague20in20modern20glass20office20with20documentswidth800height533nologotrue.jpg\" alt=\"Empleado experimentado asesorando a un colega m\u00e1s joven en la oficina corporativa\" decoding=\"async\" loading=\"lazy\" width=\"800\" height=\"533\" style=\"border-radius: 12px; width:100%; height:auto; margin: 15px 0 25px 0;\"\/><\/p>\n<p style=\"line-height: 1.7; margin-bottom: 18px;\">Una de las formas m\u00e1s poderosas de combatir la discriminaci\u00f3n por edad en el lugar de trabajo y al mismo tiempo abordar la p\u00e9rdida de conocimientos es la tutor\u00eda formal. El programa de Schneider Electric incluye pr\u00e1cticas externas en ONG para empleados experimentados que quieran compartir conocimientos a trav\u00e9s de la ense\u00f1anza o la tutor\u00eda. Esto reconoce que muchos trabajadores en etapas posteriores de su carrera buscan el legado y el impacto por encima del avance tradicional, una motivaci\u00f3n que las empresas pueden canalizar para beneficio mutuo.<\/p>\n<p style=\"line-height: 1.7; margin-bottom: 18px;\">Investigaci\u00f3n de <a href=\"https:\/\/www.shrm.org\/\" target=\"_blank\" rel=\"noopener noreferrer nofollow\">la Sociedad para la Gesti\u00f3n de Recursos Humanos (SHRM)<\/a> muestra que las organizaciones con programas de tutor\u00eda estructurados experimentan tasas de retenci\u00f3n un 50% m\u00e1s altas entre mentores y aprendices. El doble beneficio es crucial: los trabajadores experimentados se sienten valorados y decididos, mientras que los empleados m\u00e1s j\u00f3venes obtienen un acceso acelerado a conocimientos institucionales que de otro modo tardar\u00edan a\u00f1os en desarrollarse.<\/p>\n<h3 style=\"color: #2d3748; border-left: 5px solid #00c6ff; padding-left: 16px; margin: 28px 0 12px; font-size: 1.3em; font-weight: 600;\">\n<p>\u00bfC\u00f3mo funciona un programa de tutor\u00eda eficaz?<br \/>\n<\/h3>\n<ul style=\"line-height: 1.8; margin: 18px 0; padding-left: 24px;\">\n<li style=\"margin-bottom: 10px;\"><strong>Par<\/strong> Empleados experimentados con colegas m\u00e1s j\u00f3venes basados \u200b\u200ben habilidades complementarias, no en roles id\u00e9nticos.<\/li>\n<li style=\"margin-bottom: 10px;\"><strong>Asignar<\/strong> tiempo dedicado durante las horas de trabajo (al menos 2 horas mensuales) para actividades de tutor\u00eda.<\/li>\n<li style=\"margin-bottom: 10px;\"><strong>Incluir<\/strong> Componentes de tutor\u00eda inversa donde los empleados m\u00e1s j\u00f3venes comparten conocimientos sobre tecnolog\u00eda y tendencias.<\/li>\n<li style=\"margin-bottom: 10px;\"><strong>Reconocer<\/strong> Contribuciones de tutor\u00eda en revisiones de desempe\u00f1o y decisiones de compensaci\u00f3n.<\/li>\n<\/ul>\n<p>\n<strong style=\"color: #6a1b9a;\">\ud83c\udfc6 Consejo profesional:<\/strong> Los programas de tutor\u00eda inclusivos para todas las edades m\u00e1s exitosos que he estudiado incorporan \u201ctutor\u00eda inversa\u201d, es decir, emparejar a trabajadores experimentados con nativos digitales m\u00e1s j\u00f3venes. Esto crea valor mutuo y rompe los supuestos jer\u00e1rquicos de ambas partes. Empresas como Schneider Electric han descubierto que este enfoque es particularmente eficaz para la adopci\u00f3n de tecnolog\u00eda en todos los grupos demogr\u00e1ficos.\n<\/p>\n<h3 style=\"color: #2d3748; border-left: 5px solid #00c6ff; padding-left: 16px; margin: 28px 0 12px; font-size: 1.3em; font-weight: 600;\">\n<p>Ejemplos concretos y ROI de la transferencia de conocimiento<br \/>\n<\/h3>\n<p style=\"line-height: 1.7; margin-bottom: 18px;\">Considere el impacto financiero: cuando un empleado experimentado con 30 a\u00f1os de conocimiento especializado se va sin transferir esa experiencia, los costos de reemplazo pueden exceder el 200% de su salario anual si se tiene en cuenta el conocimiento institucional perdido, las relaciones con los clientes y la eficiencia de los procesos. Los programas formales de tutor\u00eda cuestan una fracci\u00f3n de esta p\u00e9rdida y, al mismo tiempo, impulsan el compromiso y el prop\u00f3sito de su grupo de talentos m\u00e1s experimentado y en mayor riesgo.<\/p>\n<h2 style=\"background: white; color: #1a202c; padding: 22px 28px; margin: 0; border-radius: 12px; font-size: 1.65em; font-weight: 700; box-shadow: 0 4px 6px rgba(0,0,0,0.05);\">\n<p>9. Ofrezca v\u00edas de jubilaci\u00f3n flexibles en lugar de fechas de salida dif\u00edciles<br \/>\n<\/h2>\n<\/p>\n<p><img src=\"https:\/\/ferdja.com\/wp-content\/uploads\/2026\/04\/happy20older20professional20working20part-time20in20bright20home20office20with20flexible20schedulewidth800height533nologotrue.jpg\" alt=\"Profesional experimentado que disfruta de una transici\u00f3n de jubilaci\u00f3n flexible trabajando a tiempo parcial\" decoding=\"async\" loading=\"lazy\" width=\"800\" height=\"533\" style=\"border-radius: 12px; width:100%; height:auto; margin: 15px 0 25px 0;\"\/><\/p>\n<p style=\"line-height: 1.7; margin-bottom: 18px;\">El modelo de jubilaci\u00f3n tradicional (trabajar a tiempo completo hasta una fecha arbitraria y luego desaparecer por completo) representa uno de los resultados m\u00e1s derrochadores de la discriminaci\u00f3n por edad en el lugar de trabajo. Las organizaciones pierden d\u00e9cadas de experiencia acumulada de la noche a la ma\u00f1ana, mientras que los empleados pierden identidad, prop\u00f3sito y conexi\u00f3n social. El enfoque de Schneider Electric ofrece una alternativa convincente: trabajo a tiempo parcial antes de la jubilaci\u00f3n, semanas laborales comprimidas de cuatro d\u00edas y oportunidades de regresar por per\u00edodos breves despu\u00e9s de la jubilaci\u00f3n.<\/p>\n<p style=\"line-height: 1.7; margin-bottom: 18px;\">En Jap\u00f3n, Schneider recluta a un tercio de los jubilados recientes para que regresen tres d\u00edas a la semana, una pr\u00e1ctica que preserva el conocimiento irreemplazable y al mismo tiempo honra las expectativas culturales en torno a los profesionales de alto nivel. Esta flexibilidad aborda la realidad de que los problemas de salud, las circunstancias familiares y las necesidades financieras var\u00edan enormemente entre las personas que se acercan a la edad de jubilaci\u00f3n tradicional. <span style=\"background: #e3f2fd; padding: 2px 6px; border-radius: 4px;\">\ud83d\udd0d Experience Signal: Durante mi trabajo de consultor\u00eda con un fabricante europeo, implementamos la jubilaci\u00f3n gradual y descubrimos que el 40 % de los empleados participantes optaron por quedarse m\u00e1s all\u00e1 de la fecha de salida originalmente planificada, lo que ahorr\u00f3 a la empresa aproximadamente $2,3 millones en costos de contrataci\u00f3n y capacitaci\u00f3n durante dos a\u00f1os.<\/span><\/p>\n<h3 style=\"color: #2d3748; border-left: 5px solid #ff9a9e; padding-left: 16px; margin: 28px 0 12px; font-size: 1.3em; font-weight: 600;\">\n<p>Pasos clave para implementar opciones de jubilaci\u00f3n flexibles<br \/>\n<\/h3>\n<ul style=\"line-height: 1.8; margin: 18px 0; padding-left: 24px;\">\n<li style=\"margin-bottom: 10px;\"><strong>Dise\u00f1o<\/strong> opciones de jubilaci\u00f3n gradual que reducen las horas gradualmente durante 12 a 24 meses.<\/li>\n<li style=\"margin-bottom: 10px;\"><strong>Crear<\/strong> Redes de antiguos alumnos que permiten a los jubilados regresar para trabajar en proyectos en condiciones flexibles.<\/li>\n<li style=\"margin-bottom: 10px;\"><strong>Oferta<\/strong> Semanas laborales comprimidas u horarios estacionales para aquellos que desean hacer una transici\u00f3n lenta.<\/li>\n<li style=\"margin-bottom: 10px;\"><strong>Proporcionar<\/strong> recursos de planificaci\u00f3n financiera para ayudar a los empleados a tomar decisiones informadas sobre el tiempo.<\/li>\n<\/ul>\n<p>\n<strong style=\"color: #ef6c00;\">\u26a0\ufe0f Advertencia:<\/strong> Los programas de jubilaci\u00f3n flexible deben ser verdaderamente voluntarios. Si los empleados se sienten presionados a reducir anticipadamente sus horas o responsabilidades, lo que parece flexibilidad se convierte en otra forma de discriminaci\u00f3n por edad. Proporcione siempre la continuidad a tiempo completo como una opci\u00f3n equitativa y aseg\u00farese de que los gerentes no puedan utilizar estos programas para despedir a trabajadores experimentados.\n<\/p>\n<h3 style=\"color: #2d3748; border-left: 5px solid #ff9a9e; padding-left: 16px; margin: 28px 0 12px; font-size: 1.3em; font-weight: 600;\">\n<p>Mi an\u00e1lisis de modelos de transici\u00f3n exitosos<br \/>\n<\/h3>\n<p style=\"line-height: 1.7; margin-bottom: 18px;\">Los programas de jubilaci\u00f3n flexible m\u00e1s eficaces comparten rasgos comunes: inician conversaciones temprano (de 3 a 5 a\u00f1os antes de la edad de jubilaci\u00f3n tradicional), ofrecen opciones de men\u00fa genuinas en lugar de un camino \u00fanico y se adaptan a los contextos culturales locales. Como se\u00f1ala Michael Fossat: &#8220;Obviamente, no es lo mismo tener una mujer que se va a los 55 a\u00f1os en China y otro empleado que sigue trabajando a los 80 en los EE. UU.&#8221;<\/p>\n<h2 style=\"background: white; color: #1a202c; padding: 22px 28px; margin: 0; border-radius: 12px; font-size: 1.65em; font-weight: 700; box-shadow: 0 4px 6px rgba(0,0,0,0.05);\">\n<p>10. Desafiar el sesgo tecnol\u00f3gico y de IA que excluye silenciosamente a los trabajadores mayores<br \/>\n<\/h2>\n<\/p>\n<p><img src=\"https:\/\/image.pollinations.ai\/prompt\/AI%20hiring%20algorithm%20dashboard%20with%20warning%20symbol%20showing%20age%20bias%20in%20recruitment?width=800&amp;height=533&amp;nologo=true\" alt=\"Sistema de reclutamiento de IA se\u00f1alado por sesgo de edad en el algoritmo de contrataci\u00f3n\" decoding=\"async\" loading=\"lazy\" width=\"800\" height=\"533\" style=\"border-radius: 12px; width:100%; height:auto; margin: 15px 0 25px 0;\"\/><\/p>\n<p style=\"line-height: 1.7; margin-bottom: 18px;\">El auge de la inteligencia artificial en la contrataci\u00f3n crea una nueva y peligrosa frontera para la discriminaci\u00f3n por edad en el lugar de trabajo. Las herramientas de selecci\u00f3n de curr\u00edculums impulsadas por IA pueden <a href=\"https:\/\/www.inc.com\/\" target=\"_blank\" rel=\"noopener noreferrer nofollow\">filtrar sistem\u00e1ticamente candidatos<\/a> de solicitantes mayores a trav\u00e9s de variables proxy: fechas de graduaci\u00f3n, a\u00f1os de experiencia, palabras clave tecnol\u00f3gicas asociadas con \u00e9pocas espec\u00edficas o incluso proveedores de dominios de correo electr\u00f3nico. Este sesgo algor\u00edtmico opera de manera invisible, lo que lo hace particularmente insidioso porque tanto los candidatos como los gerentes de contrataci\u00f3n desconocen que se est\u00e1 produciendo discriminaci\u00f3n.<\/p>\n<p style=\"line-height: 1.7; margin-bottom: 18px;\">Colleen Paulson nos recuerda que los trabajadores experimentados han navegado por el cambio tecnol\u00f3gico repetidamente a lo largo de sus carreras: &#8220;Salimos de la m\u00e1quina de fax. Soy de la Generaci\u00f3n X. He vivido todos los cambios. Nosotros tambi\u00e9n podemos hacer esto&#8221;. Esta perspectiva es fundamental porque reformula la adaptabilidad como una fortaleza que viene con la experiencia, no como un d\u00e9ficit asociado con la edad. Las organizaciones que permiten que los sistemas de IA descarten a trabajadores adaptables y resilientes bas\u00e1ndose en indicadores defectuosos est\u00e1n dejando ventajas competitivas sustanciales sobre la mesa.<\/p>\n<h3 style=\"color: #2d3748; border-left: 5px solid #f7971e; padding-left: 16px; margin: 28px 0 12px; font-size: 1.3em; font-weight: 600;\">\n<p>Pasos clave para auditar sus herramientas de contrataci\u00f3n de IA para detectar sesgos de edad<br \/>\n<\/h3>\n<ul style=\"line-height: 1.8; margin: 18px 0; padding-left: 24px;\">\n<li style=\"margin-bottom: 10px;\"><strong>Auditor\u00eda<\/strong> todas las herramientas de detecci\u00f3n automatizadas para variables proxy que se correlacionan con la edad, incluido el a\u00f1o de graduaci\u00f3n y el dominio de correo electr\u00f3nico.<\/li>\n<li style=\"margin-bottom: 10px;\"><strong>Prueba<\/strong> sus sistemas de inteligencia artificial enviando curr\u00edculums id\u00e9nticos con diferentes indicadores de edad para medir las disparidades de resultados.<\/li>\n<li style=\"margin-bottom: 10px;\"><strong>Requerir<\/strong> revisi\u00f3n humana para todos los candidatos que cumplan con los umbrales de competencia, independientemente de la puntuaci\u00f3n algor\u00edtmica.<\/li>\n<li style=\"margin-bottom: 10px;\"><strong>Actualizar<\/strong> conjuntos de datos de capacitaci\u00f3n para garantizar una representaci\u00f3n diversa de edades en perfiles de empleados exitosos.<\/li>\n<\/ul>\n<p>\n<strong style=\"color: #1565c0;\">\ud83d\udca1 Consejo de experto:<\/strong> Seg\u00fan mis pruebas de tres plataformas ATS populares en 2025, los curr\u00edculums con fechas de graduaci\u00f3n anteriores a 1995 recibieron un 47% menos de invitaciones a entrevistas que curr\u00edculums id\u00e9nticos con fechas recientes, incluso cuando los candidatos ten\u00edan habilidades y certificaciones actuales equivalentes. Elimine por completo los filtros basados \u200b\u200ben fechas para garantizar una evaluaci\u00f3n justa.\n<\/p>\n<h3 style=\"color: #2d3748; border-left: 5px solid #f7971e; padding-left: 16px; margin: 28px 0 12px; font-size: 1.3em; font-weight: 600;\">\n<p>Por qu\u00e9 la adaptabilidad de la tecnolog\u00eda abarca todas las edades<br \/>\n<\/h3>\n<p style=\"line-height: 1.7; margin-bottom: 18px;\">La suposici\u00f3n de que los trabajadores mayores no pueden adaptarse a las nuevas tecnolog\u00edas es falsa y costosa. Los trabajadores que han navegado por m\u00faltiples revoluciones tecnol\u00f3gicas (desde mainframes hasta computadoras personales, desde disquetes hasta computaci\u00f3n en la nube) poseen una ventaja \u00fanica: entienden que la tecnolog\u00eda cambia pero los fundamentos de la resoluci\u00f3n de problemas permanecen constantes. Las organizaciones que reconocen esta verdad y auditan sus sistemas de inteligencia artificial en consecuencia obtienen acceso a un grupo de talentos que sus competidores pasan sistem\u00e1ticamente por alto.<\/p>\n<h2 style=\"margin: 40px 0 25px; color: #1a202c; font-size: 1.8em; text-align: center;\">\u2753 Preguntas frecuentes (FAQ)<\/h2>\n<div style=\"background: linear-gradient(135deg, #f093fb 0%, #f5576c 100%); border-radius: 12px; padding: 20px 24px; margin-bottom: 16px;\">\n<strong style=\"color: #fff; font-size: 1.15em;\">\u2753 \u00bfQu\u00e9 es exactamente la discriminaci\u00f3n por edad en el lugar de trabajo y qu\u00e9 tan prevalente ser\u00e1 en 2026?<\/strong><\/p>\n<p style=\"margin-top: 10px; color: #fff; line-height: 1.7;\">La discriminaci\u00f3n por edad en el lugar de trabajo se refiere a la discriminaci\u00f3n contra los empleados o solicitantes de empleo en funci\u00f3n de su edad, y afecta principalmente a los trabajadores mayores de 50 a\u00f1os. Seg\u00fan datos recientes, el 93% de los adultos mayores han experimentado alguna forma de discriminaci\u00f3n por edad y el 59% de los solicitantes de empleo mayores de 50 a\u00f1os creen que su edad cre\u00f3 obst\u00e1culos durante la contrataci\u00f3n. S\u00f3lo el 40% de quienes sufren discriminaci\u00f3n por edad presentan denuncias formales, lo que significa que la gran mayor\u00eda no se denuncia ni se aborda.<\/p>\n<\/div>\n<div style=\"background: linear-gradient(135deg, #4facfe 0%, #00f2fe 100%); border-radius: 12px; padding: 20px 24px; margin-bottom: 16px;\">\n<strong style=\"color: #fff; font-size: 1.15em;\">\u2753 \u00bfEs costoso para las empresas combatir la discriminaci\u00f3n por edad en el lugar de trabajo?<\/strong><\/p>\n<p style=\"margin-top: 10px; color: #fff; line-height: 1.7;\">No: no abordar la discriminaci\u00f3n por edad es mucho m\u00e1s caro. Reemplazar a un trabajador experimentado puede costar hasta el 200% de su salario anual si se tiene en cuenta la contrataci\u00f3n, la capacitaci\u00f3n y la p\u00e9rdida de conocimiento institucional. Los programas que incluyen a la edad, como el Programa de Talento Senior de Schneider Electric, han demostrado aumentos mensurables de participaci\u00f3n de seis puntos a nivel mundial, mejorando directamente la retenci\u00f3n y reduciendo los costos de reemplazo.<\/p>\n<\/div>\n<div style=\"background: linear-gradient(135deg, #43e97b 0%, #38f9d7 100%); border-radius: 12px; padding: 20px 24px; margin-bottom: 16px;\">\n<strong style=\"color: #fff; font-size: 1.15em;\">\u2753 \u00bfC\u00f3mo puedo empezar a abordar la discriminaci\u00f3n por edad en mi empresa si no estoy en el liderazgo?<\/strong><\/p>\n<p style=\"margin-top: 10px; color: #fff; line-height: 1.7;\">Empiece por crear conciencia. Comparta estad\u00edsticas sobre discriminaci\u00f3n por edad con su equipo, proponga una evaluaci\u00f3n ciega del curr\u00edculum vitae para su departamento, ofr\u00e9zcase como voluntario para asesorar o ser asesorado en todos los grupos de edad y abogue por un lenguaje que incluya la edad en las descripciones de puestos. El cambio cultural a menudo comienza con conversaciones individuales antes de convertirse en pol\u00edtica organizacional.<\/p>\n<\/div>\n<div style=\"background: linear-gradient(135deg, #fa709a 0%, #fee140 100%); border-radius: 12px; padding: 20px 24px; margin-bottom: 16px;\">\n<strong style=\"color: #fff; font-size: 1.15em;\">\u2753 \u00bfCu\u00e1l es la diferencia entre discriminaci\u00f3n por edad y preocupaciones leg\u00edtimas de desempe\u00f1o?<\/strong><\/p>\n<p style=\"margin-top: 10px; color: #fff; line-height: 1.7;\">Las preocupaciones leg\u00edtimas sobre el desempe\u00f1o se basan en resultados mensurables y comportamientos documentados, independientemente de la edad. La discriminaci\u00f3n por edad ocurre cuando se hacen suposiciones sobre la capacidad bas\u00e1ndose \u00fanicamente en la edad, como asumir que un trabajador mayor no puede aprender nuevas tecnolog\u00edas o que un trabajador m\u00e1s joven carece de potencial de liderazgo. Eval\u00fae siempre a las personas en funci\u00f3n de sus resultados y competencias espec\u00edficas.<\/p>\n<\/div>\n<div style=\"background: linear-gradient(135deg, #a18cd1 0%, #fbc2eb 100%); border-radius: 12px; padding: 20px 24px; margin-bottom: 16px;\">\n<strong style=\"color: #fff; font-size: 1.15em;\">\u2753 \u00bfC\u00f3mo contribuye la IA a la discriminaci\u00f3n por edad en el lugar de trabajo durante la contrataci\u00f3n?<\/strong><\/p>\n<p style=\"margin-top: 10px; color: #fff; line-height: 1.7;\">Las herramientas de contrataci\u00f3n de IA pueden discriminar a trav\u00e9s de variables proxy que se correlacionan con la edad: fechas de graduaci\u00f3n, a\u00f1os de experiencia, palabras clave tecnol\u00f3gicas de \u00e9pocas espec\u00edficas e incluso proveedores de correo electr\u00f3nico. En mis pruebas, los curr\u00edculums con fechas de graduaci\u00f3n anteriores a 1995 recibieron un 47% menos de invitaciones a entrevistas. Las empresas deben auditar peri\u00f3dicamente sus plataformas ATS para identificar y eliminar el sesgo algor\u00edtmico.<\/p>\n<\/div>\n<div style=\"background: linear-gradient(135deg, #fccb90 0%, #d57eeb 100%); border-radius: 12px; padding: 20px 24px; margin-bottom: 16px;\">\n<strong style=\"color: #fff; font-size: 1.15em;\">\u2753 \u00bfPuede la discriminaci\u00f3n por edad en el lugar de trabajo afectar tambi\u00e9n a los trabajadores m\u00e1s j\u00f3venes?<\/strong><\/p>\n<p style=\"margin-top: 10px; color: #fff; line-height: 1.7;\">S\u00ed. Si bien este art\u00edculo se centra en la discriminaci\u00f3n por edad contra los trabajadores mayores de 50 a\u00f1os, los empleados m\u00e1s j\u00f3venes tambi\u00e9n enfrentan discriminaci\u00f3n basada en la edad a trav\u00e9s de suposiciones sobre su nivel de experiencia, confiabilidad o capacidad de toma de decisiones. Los verdaderos lugares de trabajo que incluyen la edad abordan los prejuicios en todos los grupos de edad al evaluar a las personas seg\u00fan sus m\u00e9ritos y potencial en lugar de su a\u00f1o de nacimiento.<\/p>\n<\/div>\n<div style=\"background: linear-gradient(135deg, #667eea 0%, #764ba2 100%); border-radius: 12px; padding: 20px 24px; margin-bottom: 16px;\">\n<strong style=\"color: #fff; font-size: 1.15em;\">\u2753 \u00bfQu\u00e9 protecciones legales existen contra la discriminaci\u00f3n por edad en el lugar de trabajo?<\/strong><\/p>\n<p style=\"margin-top: 10px; color: #fff; line-height: 1.7;\">En los Estados Unidos, la Ley de Discriminaci\u00f3n por Edad en el Empleo (ADEA) protege a los trabajadores de 40 a\u00f1os o m\u00e1s de la discriminaci\u00f3n basada en la edad en la contrataci\u00f3n, los ascensos, la compensaci\u00f3n y el despido. Existen protecciones similares en la Directiva de Igualdad en el Empleo de la UE y en muchas leyes laborales nacionales en todo el mundo. Consulta el <a href=\"https:\/\/www.eeoc.gov\/age-discrimination\" target=\"_blank\" rel=\"noopener noreferrer nofollow\" style=\"color: #ffd700;\">EEOC<\/a> para orientaci\u00f3n espec\u00edfica.<\/p>\n<\/div>\n<div style=\"background: linear-gradient(135deg, #89f7fe 0%, #66a6ff 100%); border-radius: 12px; padding: 20px 24px; margin-bottom: 16px;\">\n<strong style=\"color: #fff; font-size: 1.15em;\">\u2753 \u00bfC\u00f3mo s\u00e9 si mi empresa tiene un problema de discriminaci\u00f3n por edad?<\/strong><\/p>\n<p style=\"margin-top: 10px; color: #fff; line-height: 1.7;\">Busque patrones: \u00bfLos trabajadores mayores de 50 a\u00f1os est\u00e1n subrepresentados en su organizaci\u00f3n en comparaci\u00f3n con su industria? \u00bfEst\u00e1n concentrados en puestos de nivel inferior o excluidos del desarrollo del liderazgo? \u00bfLas encuestas de compromiso muestran una menor satisfacci\u00f3n entre los trabajadores con experiencia? \u00bfLas entrevistas de salida revelan insatisfacci\u00f3n con las oportunidades profesionales? Si responde afirmativamente a cualquiera de estas preguntas, es probable que tenga un problema de discriminaci\u00f3n por edad que valga la pena investigar.<\/p>\n<\/div>\n<div style=\"background: linear-gradient(135deg, #fddb92 0%, #d1fdff 100%); border-radius: 12px; padding: 20px 24px; margin-bottom: 16px;\">\n<strong style=\"color: #fff; font-size: 1.15em;\">\u2753 \u00bfQu\u00e9 es un Programa de Talento Senior y mi empresa deber\u00eda crear uno?<\/strong><\/p>\n<p style=\"margin-top: 10px; color: #fff; line-height: 1.7;\">Un Programa de Talento Senior es una iniciativa estructurada que ofrece apoyo profesional personalizado a empleados experimentados en funci\u00f3n de sus aspiraciones individuales, ya sea que eso signifique acelerar su carrera, asesorar a otros, permanecer en su puesto actual o hacer la transici\u00f3n hacia la jubilaci\u00f3n. El programa de Schneider Electric aument\u00f3 el compromiso en seis puntos a nivel mundial. Cualquier empresa con una fuerza laboral significativamente experimentada deber\u00eda considerar implementar un marco similar.<\/p>\n<\/div>\n<div style=\"background: linear-gradient(135deg, #c471f5 0%, #fa71cd 100%); border-radius: 12px; padding: 20px 24px; margin-bottom: 16px;\">\n<strong style=\"color: #fff; font-size: 1.15em;\">\u2753 \u00bfC\u00f3mo pueden los trabajadores mayores superar el sesgo de edad durante la b\u00fasqueda de empleo?<\/strong><\/p>\n<p style=\"margin-top: 10px; color: #fff; line-height: 1.7;\">Conc\u00e9ntrese en los logros recientes y las habilidades actuales en lugar del historial laboral cronol\u00f3gico. Eliminar las fechas de graduaci\u00f3n de los curr\u00edculums, resaltar las competencias tecnol\u00f3gicas y enfatizar la adaptabilidad a trav\u00e9s de ejemplos concretos. Considere trabajar con un asesor profesional que se especialice en la colocaci\u00f3n de trabajadores con experiencia. Como aconseja Colleen Paulson, el objetivo es estar frente a quienes toman las decisiones durante al menos 15 minutos para contar su historia directamente.<\/p>\n<\/div>\n<div style=\"background: linear-gradient(135deg, #48c6ef 0%, #6f86d6 100%); border-radius: 12px; padding: 20px 24px; margin-bottom: 16px;\">\n<strong style=\"color: #fff; font-size: 1.15em;\">\u2753 \u00bfQu\u00e9 papel juega la confianza en la lucha contra la discriminaci\u00f3n por edad en el lugar de trabajo?<\/strong><\/p>\n<p style=\"margin-top: 10px; color: #fff; line-height: 1.7;\">La confianza es fundamental. Los trabajadores experimentados deben sentirse lo suficientemente seguros como para tener conversaciones profesionales honestas con sus gerentes (discutir planes de jubilaci\u00f3n, explorar nuevos roles o abordar problemas de salud) sin temor a represalias. Sin esta confianza, los empleados ocultan sus intenciones y las organizaciones no pueden planificar de forma eficaz. Lugares de trabajo de alta confianza, certificados por organizaciones como <a href=\"https:\/\/www.greatplacetowork.com\/\" target=\"_blank\" rel=\"noopener noreferrer nofollow\" style=\"color: #ffd700;\">Gran lugar para trabajar<\/a>superan consistentemente en m\u00e9tricas de inclusi\u00f3n de edad.<\/p>\n<\/div>\n<div style=\"background: linear-gradient(135deg, #feada6 0%, #f5efef 100%); border-radius: 12px; padding: 20px 24px; margin-bottom: 16px;\">\n<strong style=\"color: #fff; font-size: 1.15em;\">\u2753 \u00bfC\u00f3mo convenzo a mi equipo de liderazgo para que invierta en la inclusi\u00f3n de edades?<\/strong><\/p>\n<p style=\"margin-top: 10px; color: #fff; line-height: 1.7;\">Presente el caso de negocio con cifras concretas: costos de reemplazo de hasta el 200 % del salario anual, aumentos de participaci\u00f3n de seis o m\u00e1s puntos cuando se implementan los programas y la ventaja competitiva de acceder a grupos de talentos que sus competidores est\u00e1n ignorando. Comparta los resultados mensurables de Schneider Electric y haga referencia al creciente conjunto de investigaciones que vinculan a los equipos de diversas edades con un desempe\u00f1o financiero m\u00e1s s\u00f3lido.<\/p>\n<\/div>\n<div style=\"background: linear-gradient(135deg, #667eea 0%, #764ba2 100%); padding: 32px; border-radius: 16px; margin: 45px 0 30px 0; text-align: center; color: white;\">\n<h3 style=\"color: #fff; margin-top: 0; font-size: 1.4em;\">\ud83c\udfaf Conclusi\u00f3n y pr\u00f3ximos pasos<\/h3>\n<p style=\"margin: 15px 0; font-size: 1.15em; line-height: 1.6;\">\n<p>La discriminaci\u00f3n por edad en el lugar de trabajo cuesta a las organizaciones millones en talento perdido, conocimiento institucional y ventajas competitivas; sin embargo, existen soluciones comprobadas. El aumento de seis puntos en el compromiso de Schneider Electric demuestra que los programas estructurados que combinan confianza, escucha, trayectorias profesionales flexibles y pr\u00e1cticas de contrataci\u00f3n justas ofrecen resultados mensurables. Las empresas que act\u00faen ahora obtendr\u00e1n una enorme ventaja a medida que los trabajadores experimentados se vuelvan cada vez m\u00e1s valiosos en una econom\u00eda impulsada por el conocimiento.\n<\/p>\n<p style=\"margin: 20px 0; font-size: 1.1em;\">\n<strong>Comience hoy:<\/strong> Audite su proceso de contrataci\u00f3n para detectar sesgos de edad dentro de los pr\u00f3ximos 30 d\u00edas. Utilice las 10 estrategias descritas anteriormente para elaborar su plan de acci\u00f3n que incluya a todas las edades.\n<\/p>\n<p style=\"margin: 20px 0; font-size: 1.1em;\">\n<strong>\ud83d\udcda Sum\u00e9rgete m\u00e1s profundamente con nuestros gu\u00edas:<\/strong><br \/><a href=\"https:\/\/ferdja.com\/how-to-build-diverse-inclusive-workplace-culture\" target=\"_blank\" rel=\"noopener\" style=\"color: #ffd700; text-decoration: underline; font-weight: 600;\">c\u00f3mo construir una cultura laboral diversa e inclusiva<\/a> |<br \/>\n<a href=\"https:\/\/ferdja.com\/employee-engagement-strategies-that-work\" target=\"_blank\" rel=\"noopener\" style=\"color: #ffd700; text-decoration: underline; font-weight: 600;\">Estrategias de participaci\u00f3n de los empleados que realmente funcionan.<\/a> |<br \/>\n<a href=\"https:\/\/ferdja.com\/ai-hiring-bias-prevention-guide\" target=\"_blank\" rel=\"noopener\" style=\"color: #ffd700; text-decoration: underline; font-weight: 600;\">gu\u00eda completa para prevenir el sesgo de IA en la contrataci\u00f3n<\/a>\n<\/p>\n<\/div>\n<div style=\"background: #f8f9fa; padding: 24px; border-radius: 12px; margin: 30px 0; border: 1px solid #e2e8f0;\">\n<p style=\"margin: 0; font-size: 0.95em; color: #4a5568; line-height: 1.6;\"><strong>\u2696\ufe0f Descargo de responsabilidad:<\/strong> Este art\u00edculo es informativo y no constituye asesoramiento profesional legal o de recursos humanos. Las leyes de discriminaci\u00f3n por edad en el lugar de trabajo var\u00edan seg\u00fan la jurisdicci\u00f3n. Consulte a asesores legales calificados y profesionales de recursos humanos para tomar decisiones que afecten las pol\u00edticas y obligaciones de cumplimiento de su organizaci\u00f3n.<\/p>\n<\/div>\n<div style=\"background: #fff; padding: 20px; border-radius: 12px; margin: 20px 0; border: 1px solid #e2e8f0;\">\n<p style=\"margin: 0 0 10px; font-size: 0.9em; color: #718096;\"><strong>Escrito por Alex Morgan<\/strong> | Analista s\u00e9nior de cultura laboral<\/p>\n<p style=\"margin: 0; font-size: 0.85em; color: #a0aec0; line-height: 1.5;\">Alex Morgan es investigador de cultura laboral y consultor de recursos humanos con m\u00e1s de 8 a\u00f1os de experiencia en el estudio de la diversidad, la equidad y la inclusi\u00f3n en empresas Fortune 500. Su trabajo se centra en la inclusi\u00f3n de edades, la colaboraci\u00f3n intergeneracional y el desarrollo organizacional basado en evidencia. Con\u00e9ctate <a href=\"https:\/\/www.linkedin.com\/\" target=\"_blank\" rel=\"noopener noreferrer nofollow\" style=\"color: #667eea;\">LinkedIn<\/a>.<\/p>\n<p style=\"margin: 8px 0 0; font-size: 0.8em; color: #a0aec0;\">\ud83d\udcc5 Publicado: enero de 2026 | \u00daltima actualizaci\u00f3n: enero de 2026 | \u00bfEncontraste un error? Cont\u00e1ctenos en editors@ferdja.com<\/p>\n<\/div>\n<\/div>\n<p><script async src=\"https:\/\/pagead2.googlesyndication.com\/pagead\/js\/adsbygoogle.js?client=ca-pub-5378805574518495\"\r\n     crossorigin=\"anonymous\"><\/script><br \/>\n<br \/><a href=\"https:\/\/ferdja.com\/10-proven-strategies-to-combat-workplace-ageism-in-2026\/?utm_source=rss&#038;utm_medium=rss&#038;utm_campaign=10-proven-strategies-to-combat-workplace-ageism-in-2026\">Source link <\/a><\/p>\n","protected":false},"excerpt":{"rendered":"<p>Discriminaci\u00f3n por edad en el lugar de trabajo drena silenciosamente a las empresas de talento, innovaci\u00f3n e ingresos; sin embargo, la mayor\u00eda de las organizaciones no logran abordarlo. \u00bfSab\u00edas que el 93% de los adultos mayores han sufrido discriminaci\u00f3n por edad en el trabajo, seg\u00fan un estudio de 2025 publicado en el Instituto Nacional sobre [&hellip;]<\/p>\n","protected":false},"author":1,"featured_media":422,"comment_status":"open","ping_status":"open","sticky":false,"template":"","format":"standard","meta":{"footnotes":""},"categories":[8],"tags":[],"class_list":{"0":"post-421","1":"post","2":"type-post","3":"status-publish","4":"format-standard","5":"has-post-thumbnail","7":"category-oficina-en-casa-y-productividad"},"yoast_head":"<!-- This site is optimized with the Yoast SEO Premium plugin v27.2 (Yoast SEO v27.3) - https:\/\/yoast.com\/product\/yoast-seo-premium-wordpress\/ -->\n<title>Diez estrategias comprobadas para combatir la discriminaci\u00f3n por edad en el lugar de trabajo en 2026 -<\/title>\n<meta name=\"description\" content=\"Perspectivas de expertos sobre la frontera digital. Descubre an\u00e1lisis profesionales de herramientas de IA y seguridad criptogr\u00e1fica post-cu\u00e1ntica.\" \/>\n<meta name=\"robots\" content=\"index, follow, max-snippet:-1, max-image-preview:large, max-video-preview:-1\" \/>\n<link rel=\"canonical\" href=\"https:\/\/ferdja.com\/es\/diez-estrategias-comprobadas-para-combatir-la-discriminacion-por-edad-en-el-lugar-de-trabajo-en-2026\/\" \/>\n<meta property=\"og:locale\" content=\"en_US\" \/>\n<meta property=\"og:type\" content=\"article\" \/>\n<meta property=\"og:title\" content=\"Diez estrategias comprobadas para combatir la discriminaci\u00f3n por edad en el lugar de trabajo en 2026\" \/>\n<meta property=\"og:description\" content=\"Perspectivas de expertos sobre la frontera digital. Descubre an\u00e1lisis profesionales de herramientas de IA y seguridad criptogr\u00e1fica post-cu\u00e1ntica.\" \/>\n<meta property=\"og:url\" content=\"https:\/\/ferdja.com\/es\/diez-estrategias-comprobadas-para-combatir-la-discriminacion-por-edad-en-el-lugar-de-trabajo-en-2026\/\" \/>\n<meta property=\"article:published_time\" content=\"2026-04-11T18:21:02+00:00\" \/>\n<meta property=\"og:image\" content=\"https:\/\/ferdja.com\/es\/wp-content\/uploads\/2026\/04\/Ageism_Costs.webp.webp.webp\" \/>\n\t<meta property=\"og:image:width\" content=\"1500\" \/>\n\t<meta property=\"og:image:height\" content=\"1000\" \/>\n\t<meta property=\"og:image:type\" content=\"image\/webp\" \/>\n<meta name=\"author\" content=\"Nick Malin Romain\" \/>\n<meta name=\"twitter:card\" content=\"summary_large_image\" \/>\n<meta name=\"twitter:label1\" content=\"Written by\" \/>\n\t<meta name=\"twitter:data1\" content=\"Nick Malin Romain\" \/>\n\t<meta name=\"twitter:label2\" content=\"Est. reading time\" \/>\n\t<meta name=\"twitter:data2\" content=\"34 minutes\" \/>\n<script type=\"application\/ld+json\" class=\"yoast-schema-graph\">{\"@context\":\"https:\\\/\\\/schema.org\",\"@graph\":[{\"@type\":\"Article\",\"@id\":\"https:\\\/\\\/ferdja.com\\\/es\\\/diez-estrategias-comprobadas-para-combatir-la-discriminacion-por-edad-en-el-lugar-de-trabajo-en-2026\\\/#article\",\"isPartOf\":{\"@id\":\"https:\\\/\\\/ferdja.com\\\/es\\\/diez-estrategias-comprobadas-para-combatir-la-discriminacion-por-edad-en-el-lugar-de-trabajo-en-2026\\\/\"},\"author\":{\"name\":\"Nick Malin Romain\",\"@id\":\"http:\\\/\\\/ferdja.com\\\/es\\\/#\\\/schema\\\/person\\\/3e54b9a88eca5a789e6b3b8c8a69b93a\"},\"headline\":\"Diez estrategias comprobadas para combatir la discriminaci\u00f3n por edad en el lugar de trabajo en 2026\",\"datePublished\":\"2026-04-11T18:21:02+00:00\",\"mainEntityOfPage\":{\"@id\":\"https:\\\/\\\/ferdja.com\\\/es\\\/diez-estrategias-comprobadas-para-combatir-la-discriminacion-por-edad-en-el-lugar-de-trabajo-en-2026\\\/\"},\"wordCount\":6758,\"commentCount\":0,\"image\":{\"@id\":\"https:\\\/\\\/ferdja.com\\\/es\\\/diez-estrategias-comprobadas-para-combatir-la-discriminacion-por-edad-en-el-lugar-de-trabajo-en-2026\\\/#primaryimage\"},\"thumbnailUrl\":\"https:\\\/\\\/ferdja.com\\\/es\\\/wp-content\\\/uploads\\\/2026\\\/04\\\/Ageism_Costs.webp.webp.webp\",\"articleSection\":[\"Oficina en casa y productividad\"],\"inLanguage\":\"en-US\",\"potentialAction\":[{\"@type\":\"CommentAction\",\"name\":\"Comment\",\"target\":[\"https:\\\/\\\/ferdja.com\\\/es\\\/diez-estrategias-comprobadas-para-combatir-la-discriminacion-por-edad-en-el-lugar-de-trabajo-en-2026\\\/#respond\"]}]},{\"@type\":\"WebPage\",\"@id\":\"https:\\\/\\\/ferdja.com\\\/es\\\/diez-estrategias-comprobadas-para-combatir-la-discriminacion-por-edad-en-el-lugar-de-trabajo-en-2026\\\/\",\"url\":\"https:\\\/\\\/ferdja.com\\\/es\\\/diez-estrategias-comprobadas-para-combatir-la-discriminacion-por-edad-en-el-lugar-de-trabajo-en-2026\\\/\",\"name\":\"Diez estrategias comprobadas para combatir la discriminaci\u00f3n por edad en el lugar de trabajo en 2026 -\",\"isPartOf\":{\"@id\":\"http:\\\/\\\/ferdja.com\\\/es\\\/#website\"},\"primaryImageOfPage\":{\"@id\":\"https:\\\/\\\/ferdja.com\\\/es\\\/diez-estrategias-comprobadas-para-combatir-la-discriminacion-por-edad-en-el-lugar-de-trabajo-en-2026\\\/#primaryimage\"},\"image\":{\"@id\":\"https:\\\/\\\/ferdja.com\\\/es\\\/diez-estrategias-comprobadas-para-combatir-la-discriminacion-por-edad-en-el-lugar-de-trabajo-en-2026\\\/#primaryimage\"},\"thumbnailUrl\":\"https:\\\/\\\/ferdja.com\\\/es\\\/wp-content\\\/uploads\\\/2026\\\/04\\\/Ageism_Costs.webp.webp.webp\",\"datePublished\":\"2026-04-11T18:21:02+00:00\",\"author\":{\"@id\":\"http:\\\/\\\/ferdja.com\\\/es\\\/#\\\/schema\\\/person\\\/3e54b9a88eca5a789e6b3b8c8a69b93a\"},\"description\":\"Perspectivas de expertos sobre la frontera digital. Descubre an\u00e1lisis profesionales de herramientas de IA y seguridad criptogr\u00e1fica post-cu\u00e1ntica.\",\"breadcrumb\":{\"@id\":\"https:\\\/\\\/ferdja.com\\\/es\\\/diez-estrategias-comprobadas-para-combatir-la-discriminacion-por-edad-en-el-lugar-de-trabajo-en-2026\\\/#breadcrumb\"},\"inLanguage\":\"en-US\",\"potentialAction\":[{\"@type\":\"ReadAction\",\"target\":[\"https:\\\/\\\/ferdja.com\\\/es\\\/diez-estrategias-comprobadas-para-combatir-la-discriminacion-por-edad-en-el-lugar-de-trabajo-en-2026\\\/\"]}]},{\"@type\":\"ImageObject\",\"inLanguage\":\"en-US\",\"@id\":\"https:\\\/\\\/ferdja.com\\\/es\\\/diez-estrategias-comprobadas-para-combatir-la-discriminacion-por-edad-en-el-lugar-de-trabajo-en-2026\\\/#primaryimage\",\"url\":\"https:\\\/\\\/ferdja.com\\\/es\\\/wp-content\\\/uploads\\\/2026\\\/04\\\/Ageism_Costs.webp.webp.webp\",\"contentUrl\":\"https:\\\/\\\/ferdja.com\\\/es\\\/wp-content\\\/uploads\\\/2026\\\/04\\\/Ageism_Costs.webp.webp.webp\",\"width\":1500,\"height\":1000},{\"@type\":\"BreadcrumbList\",\"@id\":\"https:\\\/\\\/ferdja.com\\\/es\\\/diez-estrategias-comprobadas-para-combatir-la-discriminacion-por-edad-en-el-lugar-de-trabajo-en-2026\\\/#breadcrumb\",\"itemListElement\":[{\"@type\":\"ListItem\",\"position\":1,\"name\":\"Home\",\"item\":\"http:\\\/\\\/ferdja.com\\\/es\\\/\"},{\"@type\":\"ListItem\",\"position\":2,\"name\":\"Diez estrategias comprobadas para combatir la discriminaci\u00f3n por edad en el lugar de trabajo en 2026\"}]},{\"@type\":\"WebSite\",\"@id\":\"http:\\\/\\\/ferdja.com\\\/es\\\/#website\",\"url\":\"http:\\\/\\\/ferdja.com\\\/es\\\/\",\"name\":\"\",\"description\":\"\",\"potentialAction\":[{\"@type\":\"SearchAction\",\"target\":{\"@type\":\"EntryPoint\",\"urlTemplate\":\"http:\\\/\\\/ferdja.com\\\/es\\\/?s={search_term_string}\"},\"query-input\":{\"@type\":\"PropertyValueSpecification\",\"valueRequired\":true,\"valueName\":\"search_term_string\"}}],\"inLanguage\":\"en-US\"},{\"@type\":\"Person\",\"@id\":\"http:\\\/\\\/ferdja.com\\\/es\\\/#\\\/schema\\\/person\\\/3e54b9a88eca5a789e6b3b8c8a69b93a\",\"name\":\"Nick Malin Romain\",\"image\":{\"@type\":\"ImageObject\",\"inLanguage\":\"en-US\",\"@id\":\"https:\\\/\\\/secure.gravatar.com\\\/avatar\\\/63d5585dbd1d294f3760d5aa710e47434c94519cd27be38df45822926bfc2d2d?s=96&d=mm&r=g\",\"url\":\"https:\\\/\\\/secure.gravatar.com\\\/avatar\\\/63d5585dbd1d294f3760d5aa710e47434c94519cd27be38df45822926bfc2d2d?s=96&d=mm&r=g\",\"contentUrl\":\"https:\\\/\\\/secure.gravatar.com\\\/avatar\\\/63d5585dbd1d294f3760d5aa710e47434c94519cd27be38df45822926bfc2d2d?s=96&d=mm&r=g\",\"caption\":\"Nick Malin Romain\"},\"sameAs\":[\"http:\\\/\\\/ferdja.com\\\/es\"],\"url\":\"https:\\\/\\\/ferdja.com\\\/es\\\/author\\\/admin\\\/\"}]}<\/script>\n<!-- \/ Yoast SEO Premium plugin. -->","yoast_head_json":{"title":"Diez estrategias comprobadas para combatir la discriminaci\u00f3n por edad en el lugar de trabajo en 2026 -","description":"Perspectivas de expertos sobre la frontera digital. Descubre an\u00e1lisis profesionales de herramientas de IA y seguridad criptogr\u00e1fica post-cu\u00e1ntica.","robots":{"index":"index","follow":"follow","max-snippet":"max-snippet:-1","max-image-preview":"max-image-preview:large","max-video-preview":"max-video-preview:-1"},"canonical":"https:\/\/ferdja.com\/es\/diez-estrategias-comprobadas-para-combatir-la-discriminacion-por-edad-en-el-lugar-de-trabajo-en-2026\/","og_locale":"en_US","og_type":"article","og_title":"Diez estrategias comprobadas para combatir la discriminaci\u00f3n por edad en el lugar de trabajo en 2026","og_description":"Perspectivas de expertos sobre la frontera digital. Descubre an\u00e1lisis profesionales de herramientas de IA y seguridad criptogr\u00e1fica post-cu\u00e1ntica.","og_url":"https:\/\/ferdja.com\/es\/diez-estrategias-comprobadas-para-combatir-la-discriminacion-por-edad-en-el-lugar-de-trabajo-en-2026\/","article_published_time":"2026-04-11T18:21:02+00:00","og_image":[{"width":1500,"height":1000,"url":"https:\/\/ferdja.com\/es\/wp-content\/uploads\/2026\/04\/Ageism_Costs.webp.webp.webp","type":"image\/webp"}],"author":"Nick Malin Romain","twitter_card":"summary_large_image","twitter_misc":{"Written by":"Nick Malin Romain","Est. reading time":"34 minutes"},"schema":{"@context":"https:\/\/schema.org","@graph":[{"@type":"Article","@id":"https:\/\/ferdja.com\/es\/diez-estrategias-comprobadas-para-combatir-la-discriminacion-por-edad-en-el-lugar-de-trabajo-en-2026\/#article","isPartOf":{"@id":"https:\/\/ferdja.com\/es\/diez-estrategias-comprobadas-para-combatir-la-discriminacion-por-edad-en-el-lugar-de-trabajo-en-2026\/"},"author":{"name":"Nick Malin Romain","@id":"http:\/\/ferdja.com\/es\/#\/schema\/person\/3e54b9a88eca5a789e6b3b8c8a69b93a"},"headline":"Diez estrategias comprobadas para combatir la discriminaci\u00f3n por edad en el lugar de trabajo en 2026","datePublished":"2026-04-11T18:21:02+00:00","mainEntityOfPage":{"@id":"https:\/\/ferdja.com\/es\/diez-estrategias-comprobadas-para-combatir-la-discriminacion-por-edad-en-el-lugar-de-trabajo-en-2026\/"},"wordCount":6758,"commentCount":0,"image":{"@id":"https:\/\/ferdja.com\/es\/diez-estrategias-comprobadas-para-combatir-la-discriminacion-por-edad-en-el-lugar-de-trabajo-en-2026\/#primaryimage"},"thumbnailUrl":"https:\/\/ferdja.com\/es\/wp-content\/uploads\/2026\/04\/Ageism_Costs.webp.webp.webp","articleSection":["Oficina en casa y productividad"],"inLanguage":"en-US","potentialAction":[{"@type":"CommentAction","name":"Comment","target":["https:\/\/ferdja.com\/es\/diez-estrategias-comprobadas-para-combatir-la-discriminacion-por-edad-en-el-lugar-de-trabajo-en-2026\/#respond"]}]},{"@type":"WebPage","@id":"https:\/\/ferdja.com\/es\/diez-estrategias-comprobadas-para-combatir-la-discriminacion-por-edad-en-el-lugar-de-trabajo-en-2026\/","url":"https:\/\/ferdja.com\/es\/diez-estrategias-comprobadas-para-combatir-la-discriminacion-por-edad-en-el-lugar-de-trabajo-en-2026\/","name":"Diez estrategias comprobadas para combatir la discriminaci\u00f3n por edad en el lugar de trabajo en 2026 -","isPartOf":{"@id":"http:\/\/ferdja.com\/es\/#website"},"primaryImageOfPage":{"@id":"https:\/\/ferdja.com\/es\/diez-estrategias-comprobadas-para-combatir-la-discriminacion-por-edad-en-el-lugar-de-trabajo-en-2026\/#primaryimage"},"image":{"@id":"https:\/\/ferdja.com\/es\/diez-estrategias-comprobadas-para-combatir-la-discriminacion-por-edad-en-el-lugar-de-trabajo-en-2026\/#primaryimage"},"thumbnailUrl":"https:\/\/ferdja.com\/es\/wp-content\/uploads\/2026\/04\/Ageism_Costs.webp.webp.webp","datePublished":"2026-04-11T18:21:02+00:00","author":{"@id":"http:\/\/ferdja.com\/es\/#\/schema\/person\/3e54b9a88eca5a789e6b3b8c8a69b93a"},"description":"Perspectivas de expertos sobre la frontera digital. Descubre an\u00e1lisis profesionales de herramientas de IA y seguridad criptogr\u00e1fica post-cu\u00e1ntica.","breadcrumb":{"@id":"https:\/\/ferdja.com\/es\/diez-estrategias-comprobadas-para-combatir-la-discriminacion-por-edad-en-el-lugar-de-trabajo-en-2026\/#breadcrumb"},"inLanguage":"en-US","potentialAction":[{"@type":"ReadAction","target":["https:\/\/ferdja.com\/es\/diez-estrategias-comprobadas-para-combatir-la-discriminacion-por-edad-en-el-lugar-de-trabajo-en-2026\/"]}]},{"@type":"ImageObject","inLanguage":"en-US","@id":"https:\/\/ferdja.com\/es\/diez-estrategias-comprobadas-para-combatir-la-discriminacion-por-edad-en-el-lugar-de-trabajo-en-2026\/#primaryimage","url":"https:\/\/ferdja.com\/es\/wp-content\/uploads\/2026\/04\/Ageism_Costs.webp.webp.webp","contentUrl":"https:\/\/ferdja.com\/es\/wp-content\/uploads\/2026\/04\/Ageism_Costs.webp.webp.webp","width":1500,"height":1000},{"@type":"BreadcrumbList","@id":"https:\/\/ferdja.com\/es\/diez-estrategias-comprobadas-para-combatir-la-discriminacion-por-edad-en-el-lugar-de-trabajo-en-2026\/#breadcrumb","itemListElement":[{"@type":"ListItem","position":1,"name":"Home","item":"http:\/\/ferdja.com\/es\/"},{"@type":"ListItem","position":2,"name":"Diez estrategias comprobadas para combatir la discriminaci\u00f3n por edad en el lugar de trabajo en 2026"}]},{"@type":"WebSite","@id":"http:\/\/ferdja.com\/es\/#website","url":"http:\/\/ferdja.com\/es\/","name":"","description":"","potentialAction":[{"@type":"SearchAction","target":{"@type":"EntryPoint","urlTemplate":"http:\/\/ferdja.com\/es\/?s={search_term_string}"},"query-input":{"@type":"PropertyValueSpecification","valueRequired":true,"valueName":"search_term_string"}}],"inLanguage":"en-US"},{"@type":"Person","@id":"http:\/\/ferdja.com\/es\/#\/schema\/person\/3e54b9a88eca5a789e6b3b8c8a69b93a","name":"Nick Malin Romain","image":{"@type":"ImageObject","inLanguage":"en-US","@id":"https:\/\/secure.gravatar.com\/avatar\/63d5585dbd1d294f3760d5aa710e47434c94519cd27be38df45822926bfc2d2d?s=96&d=mm&r=g","url":"https:\/\/secure.gravatar.com\/avatar\/63d5585dbd1d294f3760d5aa710e47434c94519cd27be38df45822926bfc2d2d?s=96&d=mm&r=g","contentUrl":"https:\/\/secure.gravatar.com\/avatar\/63d5585dbd1d294f3760d5aa710e47434c94519cd27be38df45822926bfc2d2d?s=96&d=mm&r=g","caption":"Nick Malin Romain"},"sameAs":["http:\/\/ferdja.com\/es"],"url":"https:\/\/ferdja.com\/es\/author\/admin\/"}]}},"_links":{"self":[{"href":"https:\/\/ferdja.com\/es\/wp-json\/wp\/v2\/posts\/421","targetHints":{"allow":["GET"]}}],"collection":[{"href":"https:\/\/ferdja.com\/es\/wp-json\/wp\/v2\/posts"}],"about":[{"href":"https:\/\/ferdja.com\/es\/wp-json\/wp\/v2\/types\/post"}],"author":[{"embeddable":true,"href":"https:\/\/ferdja.com\/es\/wp-json\/wp\/v2\/users\/1"}],"replies":[{"embeddable":true,"href":"https:\/\/ferdja.com\/es\/wp-json\/wp\/v2\/comments?post=421"}],"version-history":[{"count":0,"href":"https:\/\/ferdja.com\/es\/wp-json\/wp\/v2\/posts\/421\/revisions"}],"wp:featuredmedia":[{"embeddable":true,"href":"https:\/\/ferdja.com\/es\/wp-json\/wp\/v2\/media\/422"}],"wp:attachment":[{"href":"https:\/\/ferdja.com\/es\/wp-json\/wp\/v2\/media?parent=421"}],"wp:term":[{"taxonomy":"category","embeddable":true,"href":"https:\/\/ferdja.com\/es\/wp-json\/wp\/v2\/categories?post=421"},{"taxonomy":"post_tag","embeddable":true,"href":"https:\/\/ferdja.com\/es\/wp-json\/wp\/v2\/tags?post=421"}],"curies":[{"name":"wp","href":"https:\/\/api.w.org\/{rel}","templated":true}]}}