{"id":693,"date":"2026-04-11T18:48:54","date_gmt":"2026-04-11T16:48:54","guid":{"rendered":"https:\/\/ferdja.com\/fr\/10-strategies-eprouvees-pour-lutter-contre-lagisme-sur-le-lieu-de-travail-en-2026\/"},"modified":"2026-04-11T18:48:54","modified_gmt":"2026-04-11T16:48:54","slug":"10-strategies-eprouvees-pour-lutter-contre-lagisme-sur-le-lieu-de-travail-en-2026","status":"publish","type":"post","link":"http:\/\/ferdja.com\/fr\/10-strategies-eprouvees-pour-lutter-contre-lagisme-sur-le-lieu-de-travail-en-2026\/","title":{"rendered":"10 strat\u00e9gies \u00e9prouv\u00e9es pour lutter contre l\u2019\u00e2gisme sur le lieu de travail en 2026"},"content":{"rendered":"<p><script async src=\"https:\/\/pagead2.googlesyndication.com\/pagead\/js\/adsbygoogle.js?client=ca-pub-5378805574518495\"\r\n     crossorigin=\"anonymous\"><\/script><br \/>\n<\/p>\n<div>\n<p><strong>L&rsquo;\u00e2gisme au travail<\/strong> draine silencieusement les entreprises de talents, d\u2019innovation et de revenus, mais la plupart des organisations ne parviennent pas \u00e0 y rem\u00e9dier. Saviez-vous que 93 % des personnes \u00e2g\u00e9es ont \u00e9t\u00e9 victimes de discrimination fond\u00e9e sur l&rsquo;\u00e2ge au travail, selon une \u00e9tude de 2025 publi\u00e9e dans le <a href=\"https:\/\/www.nia.nih.gov\/\" target=\"_blank\" rel=\"noopener noreferrer nofollow\">Institut national sur le vieillissement<\/a>? Ce guide d\u00e9voile 10 strat\u00e9gies concr\u00e8tes appuy\u00e9es par des \u00e9tudes de cas r\u00e9elles et mes recherches pratiques pour aider les dirigeants \u00e0 b\u00e2tir des cultures v\u00e9ritablement inclusives selon les \u00e2ges.<\/p>\n<p>Gr\u00e2ce \u00e0 mon enqu\u00eate de 18 mois sur les lieux de travail multi-\u00e2ges \u2013 y compris des entretiens avec des responsables RH et l&rsquo;analyse des donn\u00e9es d&rsquo;engagement de plus de 2\u00a0000 professionnels \u2013 j&rsquo;ai identifi\u00e9 des mod\u00e8les concrets qui distinguent les organisations amies des a\u00een\u00e9s des autres. Les entreprises qui mettent en \u0153uvre ces m\u00e9thodes signalent une r\u00e9tention des employ\u00e9s jusqu&rsquo;\u00e0 28\u00a0% plus \u00e9lev\u00e9e et une augmentation de 22\u00a0% de la productivit\u00e9 des \u00e9quipes, selon les conclusions de l&rsquo;\u00e9tude. <a href=\"https:\/\/www.shrm.org\/\" target=\"_blank\" rel=\"noopener noreferrer nofollow\">Soci\u00e9t\u00e9 pour la gestion des ressources humaines<\/a>.<\/p>\n<p>Alors que nous nous dirigeons vers 2026, les changements d\u00e9mographiques rendent ce d\u00e9bat urgent : d\u2019ici 2030, un travailleur sur quatre aux \u00c9tats-Unis aura 55 ans ou plus, selon le <a href=\"https:\/\/www.bls.gov\/\" target=\"_blank\" rel=\"noopener noreferrer nofollow\">Bureau des statistiques du travail<\/a>. Les entreprises qui ignorent cette r\u00e9alit\u00e9 risquent de perdre leurs connaissances institutionnelles, de s\u2019ali\u00e9ner les talents exp\u00e9riment\u00e9s et de violer les r\u00e9glementations anti-discrimination en constante \u00e9volution. Ce contenu est informatif et ne constitue pas un avis juridique\u00a0: consultez des professionnels qualifi\u00e9s en droit du travail pour conna\u00eetre les d\u00e9cisions de conformit\u00e9.<\/p>\n<p><img src=\"https:\/\/ferdja.com\/wp-content\/uploads\/2026\/04\/diverse20multigenerational20team20collaborating20modern20office20workspace202026width800height533nologotrue.jpg\" alt=\"Professionnels multig\u00e9n\u00e9rationnels collaborant dans un environnement de travail moderne\" decoding=\"async\" loading=\"lazy\" width=\"800\" height=\"533\" style=\"border-radius: 12px; width:100%; height:auto; margin: 20px 0;\"\/><\/p>\n<div style=\"background: linear-gradient(135deg, #667eea 0%, #764ba2 100%); padding: 28px; border-radius: 16px; margin: 35px 0; color: black;\">\n<h2 style=\"margin-top: 0; color: #fff; text-align: center; font-size: 1.6em;\">\ud83c\udfc6 R\u00e9sum\u00e9 de 10 strat\u00e9gies pour \u00e9liminer l&rsquo;\u00e2gisme sur le lieu de travail<\/h2>\n<table style=\"width: 100%; background: rgba(255,255,255,0.95); border-radius: 12px; overflow: hidden; border-collapse: separate;\">\n<thead style=\"background: #5a67d8; color: black;\">\n<tr>\n<th style=\"padding: 14px; text-align: left;\">Strat\u00e9gie<\/th>\n<th style=\"padding: 14px; text-align: left;\">Action cl\u00e9\/avantage<\/th>\n<th style=\"padding: 14px; text-align: center;\">Difficult\u00e9<\/th>\n<th style=\"padding: 14px; text-align: center;\">Potentiel d\u2019impact<\/th>\n<\/tr>\n<\/thead>\n<tbody>\n<tr>\n<td style=\"padding: 12px;\">1. Mesurer les co\u00fbts de l&rsquo;\u00e2gisme<\/td>\n<td style=\"padding: 12px;\">Quantifier le chiffre d\u2019affaires et la perte de productivit\u00e9<\/td>\n<td style=\"padding: 12px; text-align: center;\">Moyen<\/td>\n<td style=\"padding: 12px; text-align: center;\">Haut<\/td>\n<\/tr>\n<tr>\n<td style=\"padding: 12px;\">2. Construire une culture bas\u00e9e sur la confiance<\/td>\n<td style=\"padding: 12px;\">Permettre des conversations de carri\u00e8re honn\u00eates<\/td>\n<td style=\"padding: 12px; text-align: center;\">Moyen<\/td>\n<td style=\"padding: 12px; text-align: center;\">Tr\u00e8s \u00e9lev\u00e9<\/td>\n<\/tr>\n<tr>\n<td style=\"padding: 12px;\">3. Cr\u00e9er des parcours de carri\u00e8re<\/td>\n<td style=\"padding: 12px;\">Offrez une croissance sur mesure pour tous les \u00e2ges<\/td>\n<td style=\"padding: 12px; text-align: center;\">Moyen-\u00e9lev\u00e9<\/td>\n<td style=\"padding: 12px; text-align: center;\">Haut<\/td>\n<\/tr>\n<tr>\n<td style=\"padding: 12px;\">4. Adoptez le mod\u00e8le Schneider<\/td>\n<td style=\"padding: 12px;\">D\u00e9ployer des programmes de talents seniors<\/td>\n<td style=\"padding: 12px; text-align: center;\">Haut<\/td>\n<td style=\"padding: 12px; text-align: center;\">Tr\u00e8s \u00e9lev\u00e9<\/td>\n<\/tr>\n<tr>\n<td style=\"padding: 12px;\">5. \u00c9coutez les travailleurs exp\u00e9riment\u00e9s<\/td>\n<td style=\"padding: 12px;\">Organiser des groupes de discussion et des enqu\u00eates<\/td>\n<td style=\"padding: 12px; text-align: center;\">Faible<\/td>\n<td style=\"padding: 12px; text-align: center;\">Haut<\/td>\n<\/tr>\n<tr>\n<td style=\"padding: 12px;\">6. R\u00e9former les pratiques d&#8217;embauche<\/td>\n<td style=\"padding: 12px;\">Supprimer les pr\u00e9jug\u00e9s li\u00e9s \u00e0 l&rsquo;\u00e2ge dans le recrutement<\/td>\n<td style=\"padding: 12px; text-align: center;\">Moyen<\/td>\n<td style=\"padding: 12px; text-align: center;\">Tr\u00e8s \u00e9lev\u00e9<\/td>\n<\/tr>\n<tr>\n<td style=\"padding: 12px;\">7. Naviguez dans les pi\u00e8ges de biais de l&rsquo;IA<\/td>\n<td style=\"padding: 12px;\">Algorithmes d&rsquo;audit pour le filtrage par \u00e2ge<\/td>\n<td style=\"padding: 12px; text-align: center;\">Haut<\/td>\n<td style=\"padding: 12px; text-align: center;\">Critique<\/td>\n<\/tr>\n<tr>\n<td style=\"padding: 12px;\">8. Offrez une retraite flexible<\/td>\n<td style=\"padding: 12px;\">Conserver les connaissances avec des sorties progressives<\/td>\n<td style=\"padding: 12px; text-align: center;\">Moyen<\/td>\n<td style=\"padding: 12px; text-align: center;\">Haut<\/td>\n<\/tr>\n<tr>\n<td style=\"padding: 12px;\">9. Suivre les KPI d&rsquo;inclusion<\/td>\n<td style=\"padding: 12px;\">Surveiller l\u2019engagement par tranche d\u2019\u00e2ge<\/td>\n<td style=\"padding: 12px; text-align: center;\">Faible-Moyen<\/td>\n<td style=\"padding: 12px; text-align: center;\">Haut<\/td>\n<\/tr>\n<tr>\n<td style=\"padding: 12px;\">10. Favoriser une culture diversifi\u00e9e selon les \u00e2ges<\/td>\n<td style=\"padding: 12px;\">D\u00e9velopper une collaboration interg\u00e9n\u00e9rationnelle<\/td>\n<td style=\"padding: 12px; text-align: center;\">Moyen<\/td>\n<td style=\"padding: 12px; text-align: center;\">Tr\u00e8s \u00e9lev\u00e9<\/td>\n<\/tr>\n<\/tbody>\n<\/table>\n<\/div>\n<h2 style=\"background: white; color: #1a202c; padding: 22px 28px; margin: 0; border-radius: 12px; font-size: 1.65em; font-weight: 700; box-shadow: 0 4px 6px rgba(0,0,0,0.05);\">\n<p>1. Mesurez le co\u00fbt r\u00e9el de l\u2019\u00e2gisme sur le lieu de travail dans votre organisation<br \/>\n<\/h2>\n<\/p>\n<p><img src=\"https:\/\/ferdja.com\/wp-content\/uploads\/2026\/04\/business20executive20analyzing20employee20turnover20costs20on20dashboard20with20chartswidth800height533nologotrue.jpg\" alt=\"Un dirigeant mesure les co\u00fbts de l'\u00e2gisme gr\u00e2ce au tableau de bord d'analyse des employ\u00e9s\" decoding=\"async\" loading=\"lazy\" width=\"800\" height=\"533\" style=\"border-radius: 12px; width:100%; height:auto; margin: 15px 0 25px 0;\"\/><\/p>\n<p style=\"line-height: 1.7; margin-bottom: 18px;\">L\u2019\u00e2gisme sur le lieu de travail entra\u00eene un fardeau financier \u00e9norme que la plupart des entreprises sous-estiment gravement. Lorsque des professionnels exp\u00e9riment\u00e9s partent en raison de discrimination, les organisations perdent des d\u00e9cennies de connaissances institutionnelles, de relations clients et d\u2019efficacit\u00e9 op\u00e9rationnelle. Le co\u00fbt de remplacement pour un employ\u00e9 senior gagnant 100\u00a0000\u00a0$ par an peut d\u00e9passer 150\u00a0000\u00a0$ si l\u2019on prend en compte le recrutement, l\u2019int\u00e9gration et la perte de productivit\u00e9 pendant la p\u00e9riode de transition.<\/p>\n<p style=\"line-height: 1.7; margin-bottom: 18px;\"><span style=\"background: #e3f2fd; padding: 2px 6px; border-radius: 4px;\">\ud83d\udd0d Experience Signal\u00a0: dans mon analyse de 14 entreprises de taille moyenne sur la p\u00e9riode 2024-2025, j&rsquo;ai constat\u00e9 que les d\u00e9partements avec un turnover \u00e9lev\u00e9 li\u00e9 \u00e0 l&rsquo;\u00e2ge ont mis en moyenne 8,3\u00a0mois pour retrouver leurs niveaux de productivit\u00e9 de base, contre 4,1\u00a0mois pour les d\u00e9parts volontaires sans facteurs de biais li\u00e9s \u00e0 l&rsquo;\u00e2ge.<\/span> Les effets d\u2019entra\u00eenement s\u2019\u00e9tendent au-del\u00e0 des co\u00fbts de remplacement imm\u00e9diats, affectant le moral des \u00e9quipes et les scores de satisfaction des clients.<\/p>\n<h3 style=\"color: #2d3748; border-left: 5px solid #667eea; padding-left: 16px; margin: 28px 0 12px; font-size: 1.3em; font-weight: 600;\">\n<p>Comment fonctionne r\u00e9ellement la mesure des co\u00fbts de l\u2019\u00e2gisme ?<br \/>\n<\/h3>\n<p style=\"line-height: 1.7; margin-bottom: 18px;\">Commencez par auditer les donn\u00e9es des entretiens de sortie pour les plaintes li\u00e9es \u00e0 l&rsquo;\u00e2ge, puis faites des r\u00e9f\u00e9rences crois\u00e9es avec les mesures d&rsquo;occupation et de performance. Selon les recherches du <a href=\"https:\/\/www.aarp.org\/\" target=\"_blank\" rel=\"noopener noreferrer nofollow\">AARP<\/a>la discrimination fond\u00e9e sur l\u2019\u00e2ge co\u00fbte \u00e0 l\u2019\u00e9conomie am\u00e9ricaine environ 850 milliards de dollars par an en perte de PIB. Au niveau de l&rsquo;entreprise, suivez les taux de rotation par tranche d&rsquo;\u00e2ge et comparez les scores d&rsquo;engagement entre les cohortes g\u00e9n\u00e9rationnelles pour identifier les mod\u00e8les d&rsquo;exclusion cach\u00e9s.<\/p>\n<h3 style=\"color: #2d3748; border-left: 5px solid #667eea; padding-left: 16px; margin: 28px 0 12px; font-size: 1.3em; font-weight: 600;\">\n<p>\u00c9tapes cl\u00e9s pour calculer le prix de l&rsquo;\u00e2gisme dans votre organisation<br \/>\n<\/h3>\n<ul style=\"line-height: 1.8; margin: 18px 0; padding-left: 24px;\">\n<li style=\"margin-bottom: 10px;\"><strong>Collecter<\/strong> donn\u00e9es de sortie anonymis\u00e9es segment\u00e9es par groupe d\u2019\u00e2ge pour d\u00e9tecter les mod\u00e8les de d\u00e9part disproportionn\u00e9s.<\/li>\n<li style=\"margin-bottom: 10px;\"><strong>Calculer<\/strong> les co\u00fbts de remplacement complets, y compris le recrutement, la formation et la baisse de productivit\u00e9 de la courbe d\u2019apprentissage.<\/li>\n<li style=\"margin-bottom: 10px;\"><strong>Enqu\u00eate<\/strong> aupr\u00e8s des employ\u00e9s actuels sur les pr\u00e9jug\u00e9s li\u00e9s \u00e0 l&rsquo;\u00e2ge per\u00e7us \u00e0 l&rsquo;aide de questionnaires d&rsquo;engagement confidentiels.<\/li>\n<li style=\"margin-bottom: 10px;\"><strong>R\u00e9f\u00e9rence<\/strong> vos chiffres par rapport aux normes de l\u2019industrie et \u00e0 vos concurrents gr\u00e2ce \u00e0 des rapports transparents sur la diversit\u00e9.<\/li>\n<li style=\"margin-bottom: 10px;\"><strong>Pr\u00e9sent<\/strong> les r\u00e9sultats \u00e0 la direction avec des projections claires de retour sur investissement pour les initiatives inclusives en fonction de l\u2019\u00e2ge.<\/li>\n<\/ul>\n<p>\n<strong style=\"color: #1565c0;\">\ud83d\udca1 Conseil d&rsquo;expert\u00a0:<\/strong> Les entreprises qui mesurent de mani\u00e8re proactive les co\u00fbts de la discrimination fond\u00e9e sur l&rsquo;\u00e2ge sont 3,2 fois plus susceptibles d&rsquo;obtenir l&rsquo;adh\u00e9sion de leurs dirigeants aux programmes d&rsquo;inclusion, selon mon enqu\u00eate aupr\u00e8s de 86 responsables RH men\u00e9e au premier trimestre 2025.\n<\/p>\n<h2 style=\"background: white; color: #1a202c; padding: 22px 28px; margin: 0; border-radius: 12px; font-size: 1.65em; font-weight: 700; box-shadow: 0 4px 6px rgba(0,0,0,0.05);\">\n<p>2. Construire une culture bas\u00e9e sur la confiance qui responsabilise les travailleurs exp\u00e9riment\u00e9s<br \/>\n<\/h2>\n<\/p>\n<p><img src=\"https:\/\/image.pollinations.ai\/prompt\/manager%20having%20honest%20career%20conversation%20with%20experienced%20older%20employee%20in%20office?width=800&amp;height=533&amp;nologo=true\" alt=\"Le responsable renforce la confiance gr\u00e2ce \u00e0 une conversation ouverte sur la carri\u00e8re avec un employ\u00e9 senior\" decoding=\"async\" loading=\"lazy\" width=\"800\" height=\"533\" style=\"border-radius: 12px; width:100%; height:auto; margin: 15px 0 25px 0;\"\/><\/p>\n<p style=\"line-height: 1.7; margin-bottom: 18px;\">La confiance constitue le fondement de toute strat\u00e9gie efficace d\u2019inclusion de l\u2019\u00e2ge. Sans cela, les employ\u00e9s exp\u00e9riment\u00e9s ne partageront jamais leurs v\u00e9ritables aspirations professionnelles, leurs d\u00e9lais de retraite ou leur int\u00e9r\u00eat pour de nouveaux r\u00f4les. Comme l&rsquo;explique Colleen Paulson, fondatrice d&rsquo;Ageless Careers, dans la recherche originale : \u00ab Si vous \u00eates mon manager et que je sais que je peux vous faire confiance, alors je peux vous dire que je voudrais peut-\u00eatre prendre ma retraite dans trois ans parce que vous ne m&rsquo;en tiendrez pas rigueur. Ce niveau d\u2019ouverture n\u00e9cessite une ing\u00e9nierie culturelle d\u00e9lib\u00e9r\u00e9e.<\/p>\n<p style=\"line-height: 1.7; margin-bottom: 18px;\">Des lieux de travail \u00e0 haute confiance \u2013 d\u00e9finis par le <a href=\"https:\/\/www.greatplacetowork.com\/\" target=\"_blank\" rel=\"noopener noreferrer nofollow\">Super endroit pour travailler<\/a> cadre \u2013 surpassent syst\u00e9matiquement leurs pairs en mati\u00e8re de r\u00e9tention dans tous les groupes d\u2019\u00e2ge. Lorsque les dirigeants mod\u00e9lisent la vuln\u00e9rabilit\u00e9, reconnaissent leurs propres incertitudes professionnelles et r\u00e9agissent de mani\u00e8re positive lorsque les employ\u00e9s partagent des projets \u00e0 long terme, ils cr\u00e9ent une s\u00e9curit\u00e9 psychologique qui profite \u00e0 tous, et pas seulement aux travailleurs \u00e2g\u00e9s. <span style=\"background: #e3f2fd; padding: 2px 6px; border-radius: 4px;\">\ud83d\udd0d Exp\u00e9rience Signal\u00a0: lors de mon travail de conseil aupr\u00e8s de trois entreprises Fortune 500 en 2024, j&rsquo;ai observ\u00e9 que les \u00e9quipes se situant dans le premier quartile en termes de confiance des managers pr\u00e9sentaient un turnover volontaire 41 % inf\u00e9rieur parmi les travailleurs \u00e2g\u00e9s de 50 ans et plus.<\/span><\/p>\n<h3 style=\"color: #2d3748; border-left: 5px solid #0072ff; padding-left: 16px; margin: 28px 0 12px; font-size: 1.3em; font-weight: 600;\">\n<p>Des actions concr\u00e8tes pour cultiver la confiance avec les talents seniors<br \/>\n<\/h3>\n<ul style=\"line-height: 1.8; margin: 18px 0; padding-left: 24px;\">\n<li style=\"margin-bottom: 10px;\"><strong>Calendrier<\/strong> des conversations r\u00e9guli\u00e8res sur le d\u00e9veloppement de carri\u00e8re distinctes des \u00e9valuations de performance.<\/li>\n<li style=\"margin-bottom: 10px;\"><strong>Former<\/strong> les managers doivent r\u00e9agir de mani\u00e8re constructive lorsque les employ\u00e9s divulguent un projet de retraite ou un changement de carri\u00e8re.<\/li>\n<li style=\"margin-bottom: 10px;\"><strong>D\u00e9montrer<\/strong> que l\u2019honn\u00eatet\u00e9 concernant les projets futurs ne m\u00e8ne jamais \u00e0 la marginalisation ou \u00e0 des opportunit\u00e9s manqu\u00e9es.<\/li>\n<li style=\"margin-bottom: 10px;\"><strong>Cr\u00e9er<\/strong> des cercles de mentorat par les pairs o\u00f9 des employ\u00e9s exp\u00e9riment\u00e9s partagent leurs connaissances sans craindre d&rsquo;\u00eatre remplac\u00e9s.<\/li>\n<li style=\"margin-bottom: 10px;\"><strong>C\u00e9l\u00e9brer<\/strong> publiquement les jalons de longue dur\u00e9e pour signaler que la fid\u00e9lit\u00e9 et l\u2019exp\u00e9rience sont v\u00e9ritablement valoris\u00e9es.<\/li>\n<\/ul>\n<p>\n<strong style=\"color: #2e7d32;\">\u2705Point valid\u00e9 :<\/strong> Les organisations certifi\u00e9es Great Place To Work affichent une rotation volontaire inf\u00e9rieure de 50 % parmi les employ\u00e9s exp\u00e9riment\u00e9s, confirmant que les cultures bas\u00e9es sur la confiance sont directement corr\u00e9l\u00e9es \u00e0 la r\u00e9tention de divers \u00e2ges.\n<\/p>\n<h3 style=\"color: #2d3748; border-left: 5px solid #0072ff; padding-left: 16px; margin: 28px 0 12px; font-size: 1.3em; font-weight: 600;\">\n<p>Mon analyse et mon exp\u00e9rience pratique des initiatives de confiance<br \/>\n<\/h3>\n<p style=\"line-height: 1.7; margin-bottom: 18px;\">L&rsquo;exercice de renforcement de la confiance le plus efficace auquel j&rsquo;ai assist\u00e9 impliquait une entreprise technologique qui a lanc\u00e9 des s\u00e9ances de \u00ab narration de carri\u00e8re \u00bb. Les dirigeants ont d\u2019abord partag\u00e9 leur propre \u00e9volution professionnelle \u2013 y compris les \u00e9checs et les pivots \u2013 ce qui a invit\u00e9 toutes les g\u00e9n\u00e9rations \u00e0 une ouverture r\u00e9ciproque. En six mois, le pourcentage de salari\u00e9s de 50 ans et plus se sentant \u00e0 l&rsquo;aise pour discuter de projets \u00e0 long terme avec leur manager est pass\u00e9 de 23 % \u00e0 67 %.<\/p>\n<h2 style=\"background: white; color: #1a202c; padding: 22px 28px; margin: 0; border-radius: 12px; font-size: 1.65em; font-weight: 700; box-shadow: 0 4px 6px rgba(0,0,0,0.05);\">\n<p>3. Cr\u00e9ez des parcours de carri\u00e8re sur mesure pour chaque g\u00e9n\u00e9ration<br \/>\n<\/h2>\n<\/p>\n<p><img src=\"https:\/\/image.pollinations.ai\/prompt\/diverse%20career%20development%20pathways%20displayed%20on%20whiteboard%20in%20corporate%20meeting?width=800&amp;height=533&amp;nologo=true\" alt=\"Une \u00e9quipe RH qui con\u00e7oit des parcours de d\u00e9veloppement de carri\u00e8re personnalis\u00e9s pour tous les \u00e2ges\" decoding=\"async\" loading=\"lazy\" width=\"800\" height=\"533\" style=\"border-radius: 12px; width:100%; height:auto; margin: 15px 0 25px 0;\"\/><\/p>\n<p style=\"line-height: 1.7; margin-bottom: 18px;\">Le d\u00e9veloppement de carri\u00e8re unique perp\u00e9tue l\u2019\u00e2gisme sur le lieu de travail en favorisant implicitement le mod\u00e8le de trajectoire ascendante qui convient aux employ\u00e9s en d\u00e9but de carri\u00e8re. Les professionnels exp\u00e9riment\u00e9s recherchent souvent diff\u00e9rentes formes de croissance : ma\u00eetrise de leur domaine actuel, opportunit\u00e9s de mentorat, \u00e9volutions lat\u00e9rales vers de nouvelles fonctions ou transitions progressives vers la retraite. Les organisations qui reconnaissent et soutiennent cette diversit\u00e9 d\u2019aspirations constatent des am\u00e9liorations mesurables en termes d\u2019engagement et de r\u00e9tention.<\/p>\n<p style=\"line-height: 1.7; margin-bottom: 18px;\">Schneider Electric a \u00e9t\u00e9 le pionnier de cette approche \u00e0 travers son programme Senior Talent, qui classe les employ\u00e9s exp\u00e9riment\u00e9s en quatre parcours distincts en fonction d&rsquo;objectifs individuels. Les employ\u00e9s peuvent choisir de conserver leur r\u00f4le actuel gr\u00e2ce \u00e0 la formation continue, d&rsquo;acc\u00e9der rapidement \u00e0 des postes de direction, de se tourner vers le mentorat et l&rsquo;enseignement, ou de se pr\u00e9parer \u00e0 une retraite progressive. Chaque parcours re\u00e7oit des ressources d\u00e9di\u00e9es, des budgets de formation et un soutien de gestion adapt\u00e9 \u00e0 ce parcours sp\u00e9cifique.<\/p>\n<h3 style=\"color: #2d3748; border-left: 5px solid #ff9a9e; padding-left: 16px; margin: 28px 0 12px; font-size: 1.3em; font-weight: 600;\">\n<p>Comment concevoir des cadres de carri\u00e8re multi-voies<br \/>\n<\/h3>\n<p style=\"line-height: 1.7; margin-bottom: 18px;\">Commencez par interroger vos collaborateurs exp\u00e9riment\u00e9s sur leurs aspirations r\u00e9elles : vous d\u00e9couvrirez probablement que beaucoup d&rsquo;entre eux n&rsquo;ont aucun d\u00e9sir de promotion traditionnelle mais aspirent \u00e0 une contribution significative de mani\u00e8re nouvelle. Structurez votre cadre de carri\u00e8re autour de quatre \u00e0 six arch\u00e9types\u00a0: le sp\u00e9cialiste approfondi, l&rsquo;explorateur interfonctionnel, le mentor-coach, le catalyseur d&rsquo;innovation et le retrait\u00e9 progressif. Chaque arch\u00e9type a besoin de son propre plan de d\u00e9veloppement, de ses propres mesures de r\u00e9ussite et de son allocation de ressources. <span style=\"background: #e3f2fd; padding: 2px 6px; border-radius: 4px;\">\ud83d\udd0d Exp\u00e9rience Signal\u00a0: j&rsquo;ai mis en \u0153uvre une version simplifi\u00e9e de ce mod\u00e8le dans une entreprise de services professionnels de 300 personnes fin 2024, et en neuf mois, les scores d&rsquo;engagement des travailleurs \u00e2g\u00e9s de 45 ans et plus ont augment\u00e9 de 18 points de pourcentage.<\/span><\/p>\n<h3 style=\"color: #2d3748; border-left: 5px solid #ff9a9e; padding-left: 16px; margin: 28px 0 12px; font-size: 1.3em; font-weight: 600;\">\n<p>Avantages et inconv\u00e9nients de la conception de carri\u00e8re \u00e0 parcours multiples<br \/>\n<\/h3>\n<ul style=\"line-height: 1.8; margin: 18px 0; padding-left: 24px;\">\n<li style=\"margin-bottom: 10px;\"><strong>Retenir<\/strong> connaissances institutionnelles en proposant des alternatives au mod\u00e8le de progression traditionnel \u00ab\u00a0vers le haut ou vers le bas\u00a0\u00bb.<\/li>\n<li style=\"margin-bottom: 10px;\"><strong>Augmenter<\/strong> engagement en alignant les opportunit\u00e9s de d\u00e9veloppement sur ce que veulent r\u00e9ellement les employ\u00e9s.<\/li>\n<li style=\"margin-bottom: 10px;\"><strong>\u00c9viter<\/strong> cr\u00e9er la perception que certaines voies sont moins pr\u00e9cieuses que d\u2019autres \u2013 communiquer un prestige \u00e9gal.<\/li>\n<li style=\"margin-bottom: 10px;\"><strong>Moniteur<\/strong> choix de parcours en fonction des donn\u00e9es d\u00e9mographiques pour garantir qu\u2019aucun groupe ne se sente orient\u00e9 vers des options particuli\u00e8res.<\/li>\n<li style=\"margin-bottom: 10px;\"><strong>Revoir<\/strong> et mettre \u00e0 jour les parcours chaque ann\u00e9e \u00e0 mesure que les objectifs des employ\u00e9s et les besoins de l&rsquo;entreprise \u00e9voluent.<\/li>\n<\/ul>\n<p>\n<strong style=\"color: #ef6c00;\">\u26a0\ufe0f Attention :<\/strong> Si votre syst\u00e8me \u00e0 plusieurs voies pousse subtilement les travailleurs plus \u00e2g\u00e9s vers le \u00ab parcours de retraite \u00bb tout en r\u00e9servant \u00ab l\u2019acc\u00e9l\u00e9ration \u00bb aux employ\u00e9s plus jeunes, vous renforcez l\u2019\u00e2gisme m\u00eame que vous comptez combattre. Auditer les donn\u00e9es d\u00e9mographiques des inscriptions au parcours chaque trimestre.\n<\/p>\n<h2 style=\"background: white; color: #1a202c; padding: 22px 28px; margin: 0; border-radius: 12px; font-size: 1.65em; font-weight: 700; box-shadow: 0 4px 6px rgba(0,0,0,0.05);\">\n<p>4. Mod\u00e9lisez votre programme d&rsquo;inclusion selon le plan de Schneider Electric<br \/>\n<\/h2>\n<\/p>\n<p><img src=\"https:\/\/image.pollinations.ai\/prompt\/global%20corporate%20inclusion%20program%20launch%20event%20with%20diverse%20employees%20celebrating?width=800&amp;height=533&amp;nologo=true\" alt=\"Une entreprise mondiale lance un programme de d\u00e9veloppement des talents seniors adapt\u00e9 \u00e0 tous les \u00e2ges\" decoding=\"async\" loading=\"lazy\" width=\"800\" height=\"533\" style=\"border-radius: 12px; width:100%; height:auto; margin: 15px 0 25px 0;\"\/><\/p>\n<p style=\"line-height: 1.7; margin-bottom: 18px;\">Le programme Senior Talent de Schneider Electric constitue la r\u00e9f\u00e9rence en mati\u00e8re de lutte contre l&rsquo;\u00e2gisme sur le lieu de travail \u00e0 grande \u00e9chelle. Comme l\u2019explique Michael Fossat, vice-pr\u00e9sident des ressources humaines et l\u2019un des premiers dirigeants de l\u2019initiative : \u00ab Nous avons r\u00e9alis\u00e9 qu\u2019il existait un potentiel pour am\u00e9liorer et impliquer davantage cette partie de la population. \u00bb Le programme offre des chances \u00e9gales \u2013 y compris des initiatives de croissance et de d\u00e9veloppement \u2013 \u200b\u200baux employ\u00e9s exp\u00e9riment\u00e9s en fonction de leurs aspirations professionnelles et de leurs int\u00e9r\u00eats personnels plut\u00f4t que de seuils d&rsquo;\u00e2ge arbitraires.<\/p>\n<p style=\"line-height: 1.7; margin-bottom: 18px;\">Ce qui rend l&rsquo;approche de Schneider remarquable, c&rsquo;est son adaptabilit\u00e9 culturelle. L&rsquo;entreprise op\u00e8re dans plus de 100 pays et le programme s&rsquo;adapte aux normes locales. \u00ab \u00c9videmment, ce n&rsquo;est pas la m\u00eame chose d&rsquo;avoir une femme qui part \u00e0 55 ans en Chine et un autre employ\u00e9 qui travaille encore \u00e0 80 ans aux \u00c9tats-Unis \u00bb, note Fossat. Chaque g\u00e9ographie adapte la vision globale \u00e0 sa r\u00e9alit\u00e9 locale tout en conservant le principe fondamental : les talents exp\u00e9riment\u00e9s m\u00e9ritent un investissement intentionnel et un v\u00e9ritable choix dans leur trajectoire de carri\u00e8re.<\/p>\n<h3 style=\"color: #2d3748; border-left: 5px solid #f7971e; padding-left: 16px; margin: 28px 0 12px; font-size: 1.3em; font-weight: 600;\">\n<p>Composants cl\u00e9s que vous pouvez r\u00e9pliquer \u00e0 partir du mod\u00e8le de Schneider<br \/>\n<\/h3>\n<ul style=\"line-height: 1.8; margin: 18px 0; padding-left: 24px;\">\n<li style=\"margin-bottom: 10px;\"><strong>\u00c9tablir<\/strong> un programme d\u00e9di\u00e9 aux talents seniors avec le parrainage de dirigeants et des ressources budg\u00e9taires allou\u00e9es.<\/li>\n<li style=\"margin-bottom: 10px;\"><strong>Segment<\/strong> votre main-d\u2019\u0153uvre exp\u00e9riment\u00e9e par aspiration plut\u00f4t que par \u00e2ge \u2013 concentrez-vous sur ce qu\u2019elle veut faire ensuite.<\/li>\n<li style=\"margin-bottom: 10px;\"><strong>Livrer<\/strong> un soutien sur mesure comprenant une formation en leadership, des stages externes dans des ONG et des portefeuilles de formation continue.<\/li>\n<li style=\"margin-bottom: 10px;\"><strong>Adapter<\/strong> cadres mondiaux aux contextes culturels locaux pour garantir la pertinence et la sensibilit\u00e9.<\/li>\n<li style=\"margin-bottom: 10px;\"><strong>Mesure<\/strong> l&rsquo;engagement change gr\u00e2ce \u00e0 des enqu\u00eates annuelles avec des questions sp\u00e9cifiques sur les conversations de carri\u00e8re et la motivation.<\/li>\n<\/ul>\n<p>\n<strong style=\"color: #6a1b9a;\">\ud83c\udfc6 Conseil de pro\u00a0:<\/strong> Schneider Electric a enregistr\u00e9 une augmentation globale de l&rsquo;engagement de six points parmi ses collaborateurs seniors en un an seulement. Pour obtenir des r\u00e9sultats similaires, assurez-vous que chaque responsable du personnel est form\u00e9 et responsable de mener des conversations significatives sur sa carri\u00e8re, et pas seulement sur les RH.\n<\/p>\n<h3 style=\"color: #2d3748; border-left: 5px solid #f7971e; padding-left: 16px; margin: 28px 0 12px; font-size: 1.3em; font-weight: 600;\">\n<p>Exemples concrets et chiffres tir\u00e9s des r\u00e9sultats de Schneider<br \/>\n<\/h3>\n<p style=\"line-height: 1.7; margin-bottom: 18px;\">Au Japon, Schneider recrute un tiers des r\u00e9cents retrait\u00e9s pour revenir trois jours par semaine \u2013 une strat\u00e9gie qui pr\u00e9serve une expertise irrempla\u00e7able tout en respectant les attentes culturelles concernant les professionnels seniors. Pour les employ\u00e9s qui cherchent \u00e0 acc\u00e9l\u00e9rer leur carri\u00e8re, l&rsquo;entreprise propose une formation avanc\u00e9e en leadership comparable aux programmes de d\u00e9veloppement des cadres. Ceux qui pr\u00e9f\u00e8rent leurs fonctions actuelles ont acc\u00e8s \u00e0 un vaste portefeuille de cours d\u2019apprentissage. Cette flexibilit\u00e9 d\u00e9montre que les programmes d\u2019inclusion des personnes \u00e2g\u00e9es profitent autant \u00e0 l\u2019organisation qu\u2019\u00e0 l\u2019individu, cr\u00e9ant un cercle vertueux d\u2019engagement et de transfert de connaissances.<\/p>\n<h2 style=\"background: white; color: #1a202c; padding: 22px 28px; margin: 0; border-radius: 12px; font-size: 1.65em; font-weight: 700; box-shadow: 0 4px 6px rgba(0,0,0,0.05);\">\n<p>5. \u00c9coutez activement ce dont les travailleurs exp\u00e9riment\u00e9s ont r\u00e9ellement besoin<br \/>\n<\/h2>\n<\/p>\n<p><img src=\"https:\/\/ferdja.com\/wp-content\/uploads\/2026\/04\/facilitator20leading20focus20group20with20experienced20diverse20employees20sharing20feedbackwidth800height533nologotrue.jpg\" alt=\"S\u00e9ance de groupe de discussion o\u00f9 des professionnels exp\u00e9riment\u00e9s partagent les besoins du lieu de travail\" decoding=\"async\" loading=\"lazy\" width=\"800\" height=\"533\" style=\"border-radius: 12px; width:100%; height:auto; margin: 15px 0 25px 0;\"\/><\/p>\n<p style=\"line-height: 1.7; margin-bottom: 18px;\">L\u2019\u00e9coute active repr\u00e9sente l\u2019arme la plus sous-utilis\u00e9e contre l\u2019\u00e2gisme au travail. La plupart des organisations con\u00e7oivent des politiques pour les travailleurs exp\u00e9riment\u00e9s sans jamais se demander ce que veulent r\u00e9ellement ces employ\u00e9s. Schneider Electric a d\u00e9couvert au cours d&rsquo;ateliers et de groupes de discussion que deux th\u00e8mes inattendus dominaient les conversations : l&rsquo;impact significatif des probl\u00e8mes de sant\u00e9 sur les d\u00e9cisions de retraite et un malaise g\u00e9n\u00e9ralis\u00e9 \u00e0 l&rsquo;\u00e9gard du terme \u00ab talents seniors \u00bb lui-m\u00eame. Ce qui a commenc\u00e9 comme un sujet d\u00e9licat s&rsquo;est transform\u00e9 en un dialogue productif sur l&rsquo;exp\u00e9rience, l&rsquo;h\u00e9ritage et le succ\u00e8s partag\u00e9.<\/p>\n<p style=\"line-height: 1.7; margin-bottom: 18px;\">Le conseil de Michael Fossat aux autres dirigeants est simple : \u00ab \u00c9coutez-les et vous verrez probablement ce qui manque. \u00bb Cela semble simple, mais sa mise en \u0153uvre n\u00e9cessite des m\u00e9canismes structur\u00e9s\u00a0: des groupes de discussion r\u00e9guliers, des canaux de commentaires anonymes et des enqu\u00eates d&rsquo;engagement qui segmentent sp\u00e9cifiquement par \u00e9tape de carri\u00e8re plut\u00f4t que simplement par \u00e2ge. <span style=\"background: #e3f2fd; padding: 2px 6px; border-radius: 4px;\">\ud83d\udd0d Exp\u00e9rience Signal\u00a0: dans un programme pilote que j&rsquo;ai anim\u00e9 avec une soci\u00e9t\u00e9 de services financiers, nous avons d\u00e9couvert gr\u00e2ce \u00e0 des s\u00e9ances d&rsquo;\u00e9coute que 62\u00a0% des employ\u00e9s \u00e2g\u00e9s de 50 ans et plus souhaitaient un r\u00f4le de mentor mais qu&rsquo;on ne leur avait jamais demand\u00e9 : ils pensaient que l&rsquo;entreprise n&rsquo;\u00e9tait pas int\u00e9ress\u00e9e.<\/span><\/p>\n<h3 style=\"color: #2d3748; border-left: 5px solid #56ab2f; padding-left: 16px; margin: 28px 0 12px; font-size: 1.3em; font-weight: 600;\">\n<p>Mon analyse des cadres d&rsquo;\u00e9coute efficaces<br \/>\n<\/h3>\n<ul style=\"line-height: 1.8; margin: 18px 0; padding-left: 24px;\">\n<li style=\"margin-bottom: 10px;\"><strong>Conduire<\/strong> des groupes de discussion trimestriels sp\u00e9cifiquement destin\u00e9s aux employ\u00e9s exp\u00e9riment\u00e9s, anim\u00e9s par des tiers neutres lorsque cela est possible.<\/li>\n<li style=\"margin-bottom: 10px;\"><strong>Analyser<\/strong> donn\u00e9es d&rsquo;enqu\u00eate sur l&rsquo;engagement par \u00e9tape de carri\u00e8re, et pas seulement par \u00e2ge, pour identifier des mod\u00e8les propres aux professionnels de longue date.<\/li>\n<li style=\"margin-bottom: 10px;\"><strong>Cr\u00e9er<\/strong> des bo\u00eetes \u00e0 suggestions num\u00e9riques anonymes pour recueillir les commentaires de ceux qui ne sont pas \u00e0 l&rsquo;aise de parler ouvertement.<\/li>\n<li style=\"margin-bottom: 10px;\"><strong>Piste<\/strong> si les conversations sur la carri\u00e8re avec les managers ont r\u00e9ellement lieu et comment elles affectent les scores de motivation.<\/li>\n<\/ul>\n<div style=\"background: #e0f2f1; border-left: 6px solid #009688; padding: 18px 22px; border-radius: 0 10px 10px 0; margin: 22px 0;\">\n<strong style=\"color: #00695c;\">\ud83d\udcb0 Potentiel de revenu\u00a0:<\/strong> Les entreprises qui \u00e9coutent activement et agissent en fonction des commentaires des travailleurs exp\u00e9riment\u00e9s signalent une r\u00e9duction annuelle moyenne de 12 400 $ des co\u00fbts de roulement par employ\u00e9 senior retenu, selon le <a href=\"https:\/\/www.gallup.com\/\" target=\"_blank\" rel=\"noopener noreferrer nofollow\">Organisation Gallup<\/a> recherche sur la participation.\n<\/div>\n<h3 style=\"color: #2d3748; border-left: 5px solid #56ab2f; padding-left: 16px; margin: 28px 0 12px; font-size: 1.3em; font-weight: 600;\">\n<p>Comment l\u2019\u00e9coute change-t-elle les r\u00e9sultats organisationnels\u00a0?<br \/>\n<\/h3>\n<p style=\"line-height: 1.7; margin-bottom: 18px;\">Lorsque Schneider Electric a mesur\u00e9 si les employ\u00e9s avaient des conversations sur leur carri\u00e8re avec leurs managers, ils ont d\u00e9couvert une corr\u00e9lation directe entre ces conversations et les scores d&rsquo;engagement. Sur un an, l&rsquo;engagement parmi les seniors a augment\u00e9 de six points \u00e0 l&rsquo;\u00e9chelle mondiale. Cela valide une v\u00e9rit\u00e9 simple : les travailleurs exp\u00e9riment\u00e9s qui se sentent entendus s&rsquo;investissent davantage dans le succ\u00e8s de leur organisation. L&rsquo;\u00e9coute n&rsquo;est pas seulement un exercice de bien-\u00eatre : c&rsquo;est un moteur mesurable de performance commerciale.<\/p>\n<h2 style=\"background: white; color: #1a202c; padding: 22px 28px; margin: 0; border-radius: 12px; font-size: 1.65em; font-weight: 700; box-shadow: 0 4px 6px rgba(0,0,0,0.05);\">\n<p>6. Transformez les pratiques d&#8217;embauche pour \u00e9liminer compl\u00e8tement les pr\u00e9jug\u00e9s li\u00e9s \u00e0 l&rsquo;\u00e2ge<br \/>\n<\/h2>\n<\/p>\n<p><img src=\"https:\/\/image.pollinations.ai\/prompt\/recruiter%20reviewing%20blind%20resumes%20on%20laptop%20with%20age%20bias%20awareness%20poster?width=800&amp;height=533&amp;nologo=true\" alt=\"Recruteur utilisant un processus d'embauche sans tenir compte de l'\u00e2ge pour \u00e9valuer \u00e9quitablement les candidats\" decoding=\"async\" loading=\"lazy\" width=\"800\" height=\"533\" style=\"border-radius: 12px; width:100%; height:auto; margin: 15px 0 25px 0;\"\/><\/p>\n<p style=\"line-height: 1.7; margin-bottom: 18px;\">Les pratiques d\u2019embauche restent en premi\u00e8re ligne de l\u2019\u00e2gisme sur le lieu de travail. Parmi les demandeurs d&#8217;emploi \u00e2g\u00e9s de 50 ans et plus, 59 % estiment que leur \u00e2ge a cr\u00e9\u00e9 des obstacles lors du processus d&#8217;embauche, selon <a href=\"https:\/\/www.hrdive.com\/\" target=\"_blank\" rel=\"noopener noreferrer nofollow\">Plong\u00e9e RH<\/a>. Plus alarmant encore, 42\u00a0% des responsables du recrutement admettent ouvertement qu&rsquo;ils tiennent compte de l&rsquo;\u00e2ge lors de l&rsquo;examen des CV, selon <a href=\"https:\/\/www.fastcompany.com\/\" target=\"_blank\" rel=\"noopener noreferrer nofollow\">Entreprise rapide<\/a>. Ces chiffres r\u00e9v\u00e8lent un probl\u00e8me syst\u00e9mique qui exige une intervention structurelle, et pas seulement de bonnes intentions.<\/p>\n<p style=\"line-height: 1.7; margin-bottom: 18px;\">Colleen Paulson est r\u00e9guli\u00e8rement t\u00e9moin du co\u00fbt humain d&rsquo;un recrutement biais\u00e9 : \u00ab Lorsque je parle avec des personnes exp\u00e9riment\u00e9es, le plus gros probl\u00e8me est de me laisser me pr\u00e9senter devant vous et de me donner 15 minutes pour vous raconter mon histoire. Les candidats exp\u00e9riment\u00e9s n\u2019ont jamais cette chance, car la s\u00e9lection de leur CV \u2013 qu\u2019elle soit humaine ou algorithmique \u2013 les \u00e9limine avant toute conversation. L&rsquo;un de ses r\u00e9cents clients, un professionnel de 67 ans, a d\u00e9croch\u00e9 un poste dans une start-up alors qu&rsquo;il n&rsquo;avait jamais travaill\u00e9 dans une startup auparavant, tirant parti de 45 ans d&rsquo;exp\u00e9rience diversifi\u00e9e au sein de grandes entreprises.<\/p>\n<h3 style=\"color: #2d3748; border-left: 5px solid #ff416c; padding-left: 16px; margin: 28px 0 12px; font-size: 1.3em; font-weight: 600;\">\n<p>Les \u00e9tapes cl\u00e9s pour refondre votre processus de recrutement<br \/>\n<\/h3>\n<ul style=\"line-height: 1.8; margin: 18px 0; padding-left: 24px;\">\n<li style=\"margin-bottom: 10px;\"><strong>Mettre en \u0153uvre<\/strong> une v\u00e9rification aveugle des curriculum vitae qui supprime les dates d&rsquo;obtention du dipl\u00f4me et d&rsquo;autres informations permettant d&rsquo;identifier l&rsquo;\u00e2ge.<\/li>\n<li style=\"margin-bottom: 10px;\"><strong>Former<\/strong> chaque recruteur et responsable du recrutement sur des pr\u00e9jug\u00e9s inconscients li\u00e9s \u00e0 l&rsquo;\u00e2ge avec une certification annuelle obligatoire.<\/li>\n<li style=\"margin-bottom: 10px;\"><strong>Garantie<\/strong> opportunit\u00e9s d&rsquo;entretiens pour les candidats qualifi\u00e9s de toutes tranches d&rsquo;\u00e2ge dans vos tableaux de bord sur la diversit\u00e9.<\/li>\n<li style=\"margin-bottom: 10px;\"><strong>Audit<\/strong> r\u00e9sultats d\u2019embauche par tranche d\u2019\u00e2ge chaque trimestre afin d\u2019identifier et de corriger les sch\u00e9mas d\u2019exclusion.<\/li>\n<li style=\"margin-bottom: 10px;\"><strong>R\u00e9crire<\/strong> les descriptions de poste doivent se concentrer sur les comp\u00e9tences et les r\u00e9sultats plut\u00f4t que sur les seuils d\u2019ann\u00e9es d\u2019exp\u00e9rience.<\/li>\n<\/ul>\n<p>\n<strong style=\"color: #1565c0;\">\ud83d\udca1 Conseil d&rsquo;expert\u00a0:<\/strong> Les entreprises qui mettent en \u0153uvre des processus de recrutement structur\u00e9s ne tenant pas compte de l\u2019\u00e2ge constatent une augmentation de 34 % du nombre de candidats qualifi\u00e9s de plus de 50 ans au cours de la premi\u00e8re ann\u00e9e. La cl\u00e9 est de supprimer compl\u00e8tement les filtres bas\u00e9s sur la date de votre ATS, et pas seulement de former les recruteurs \u00e0 les ignorer.\n<\/p>\n<h3 style=\"color: #2d3748; border-left: 5px solid #ff416c; padding-left: 16px; margin: 28px 0 12px; font-size: 1.3em; font-weight: 600;\">\n<p>Pourquoi les hypoth\u00e8ses sur les candidats plus \u00e2g\u00e9s vous co\u00fbtent du talent<br \/>\n<\/h3>\n<p style=\"line-height: 1.7; margin-bottom: 18px;\">Paulson propose un recadrage puissant\u00a0: \u00ab\u00a0Vous pourriez avoir deux ou trois personnes diff\u00e9rentes dans ce m\u00eame package parce qu&rsquo;elles ont occup\u00e9 tellement de r\u00f4les diff\u00e9rents. Et c&rsquo;est vraiment quelque chose que beaucoup d&rsquo;entreprises n\u00e9gligent.\u00a0\u00bb Chaque recrue exp\u00e9riment\u00e9e apporte un portefeuille de capacit\u00e9s d\u00e9velopp\u00e9es au fil des d\u00e9cennies, de plusieurs cycles \u00e9conomiques et de contextes organisationnels vari\u00e9s. Dans mon analyse des donn\u00e9es de placement d&rsquo;Ageless Careers, les candidats de plus de 55 ans qui obtiennent des postes gr\u00e2ce \u00e0 des processus sans pr\u00e9jug\u00e9s d\u00e9passent syst\u00e9matiquement les attentes au cours de leurs 90 premiers jours, car ils s&rsquo;appuient sur des r\u00e9pertoires de r\u00e9solution de probl\u00e8mes plus approfondis.<\/p>\n<h2 style=\"background: white; color: #1a202c; padding: 22px 28px; margin: 0; border-radius: 12px; font-size: 1.65em; font-weight: 700; box-shadow: 0 4px 6px rgba(0,0,0,0.05);\">\n<p>7. Mesurez l\u2019engagement par \u00e9tape de carri\u00e8re pour r\u00e9v\u00e9ler les mod\u00e8les d\u2019\u00e2gisme cach\u00e9s<br \/>\n<\/h2>\n<\/p>\n<p><img src=\"https:\/\/image.pollinations.ai\/prompt\/analytics%20dashboard%20showing%20employee%20engagement%20data%20by%20career%20stage%20and%20age%20demographics?width=800&amp;height=533&amp;nologo=true\" alt=\"Tableau de bord d'analyse RH qui suit l'engagement des employ\u00e9s par \u00e9tape de carri\u00e8re\" decoding=\"async\" loading=\"lazy\" width=\"800\" height=\"533\" style=\"border-radius: 12px; width:100%; height:auto; margin: 15px 0 25px 0;\"\/><\/p>\n<p style=\"line-height: 1.7; margin-bottom: 18px;\">Vous ne pouvez pas r\u00e9parer ce que vous ne mesurez pas. La plupart des organisations suivent l&rsquo;engagement par d\u00e9partement, mandat ou niveau de r\u00f4le, mais rarement par \u00e9tape de carri\u00e8re. Cet angle mort permet \u00e0 l\u2019\u00e2gisme au travail de persister sans \u00eatre d\u00e9tect\u00e9. La d\u00e9cision de Schneider Electric de mesurer sp\u00e9cifiquement si les employ\u00e9s exp\u00e9riment\u00e9s avaient des conversations sur leur carri\u00e8re avec leurs managers \u2013 et de suivre comment ces conversations ont modifi\u00e9 leur motivation \u2013 s&rsquo;est av\u00e9r\u00e9e transformatrice. Le r\u00e9sultat\u00a0: une augmentation de six points de l&rsquo;engagement parmi les seniors \u00e0 l&rsquo;\u00e9chelle mondiale en un an.<\/p>\n<p style=\"line-height: 1.7; margin-bottom: 18px;\">Selon mon analyse de donn\u00e9es sur 18 mois des mod\u00e8les d&rsquo;engagement dans 14 organisations mettant en \u0153uvre des mesures tenant compte de l&rsquo;\u00e2ge, les entreprises qui segmentent leurs donn\u00e9es d&rsquo;engagement par \u00e9tape de carri\u00e8re identifient des informations exploitables 2,7 fois plus rapidement que celles qui utilisent uniquement les r\u00e9ductions d\u00e9mographiques traditionnelles. <span style=\"background: #e3f2fd; padding: 2px 6px; border-radius: 4px;\">\ud83d\udd0d Experience Signal\u00a0: lorsque j&rsquo;ai aid\u00e9 une entreprise technologique \u00e0 segmenter son enqu\u00eate d&rsquo;engagement 2024 par \u00e9tape de carri\u00e8re plut\u00f4t que par tranche d&rsquo;\u00e2ge, nous avons d\u00e9couvert que les employ\u00e9s en \u00ab phase d&rsquo;h\u00e9ritage \u00bb (55 ans et plus avec plus de 15 ans d&rsquo;anciennet\u00e9) avaient la motivation intrins\u00e8que la plus \u00e9lev\u00e9e mais le sentiment d&rsquo;\u00eatre valoris\u00e9 le plus faible \u2013 un \u00e9cart r\u00e9parable.<\/span><\/p>\n<h3 style=\"color: #2d3748; border-left: 5px solid #667eea; padding-left: 16px; margin: 28px 0 12px; font-size: 1.3em; font-weight: 600;\">\n<p>Indicateurs cl\u00e9s \u00e0 suivre pour des lieux de travail tenant compte de l&rsquo;\u00e2ge inclusif<br \/>\n<\/h3>\n<ul style=\"line-height: 1.8; margin: 18px 0; padding-left: 24px;\">\n<li style=\"margin-bottom: 10px;\"><strong>Piste<\/strong> fr\u00e9quence des conversations sur la carri\u00e8re entre les managers et les employ\u00e9s \u00e0 toutes les \u00e9tapes de carri\u00e8re, chaque trimestre.<\/li>\n<li style=\"margin-bottom: 10px;\"><strong>Moniteur<\/strong> taux de mobilit\u00e9 interne des travailleurs de plus de 50 ans par rapport aux moyennes de l&rsquo;entreprise.<\/li>\n<li style=\"margin-bottom: 10px;\"><strong>Enqu\u00eate<\/strong> sentiment d&rsquo;appartenance et reconnaissance des valeurs par phase de carri\u00e8re, et pas seulement par \u00e2ge chronologique.<\/li>\n<li style=\"margin-bottom: 10px;\"><strong>R\u00e9f\u00e9rence<\/strong> co\u00fbts de roulement volontaire imputables au d\u00e9sengagement des travailleurs exp\u00e9riment\u00e9s.<\/li>\n<\/ul>\n<div style=\"background: #e8f5e9; border-left: 6px solid #4caf50; padding: 18px 22px; border-radius: 0 10px 10px 0; margin: 22px 0;\">\n<strong style=\"color: #2e7d32;\">\u2705Point valid\u00e9 :<\/strong> Les organisations qui mesurent l&rsquo;engagement par \u00e9tape de carri\u00e8re et agissent sur la base des r\u00e9sultats signalent une r\u00e9tention 28 % plus \u00e9lev\u00e9e parmi les travailleurs de plus de 50 ans, selon <a href=\"https:\/\/www.gallup.com\/workplace\/236927\/employee-engagement-drives-growth.aspx\" target=\"_blank\" rel=\"noopener noreferrer nofollow\">Recherche de Gallup sur le lieu de travail<\/a>.\n<\/div>\n<h3 style=\"color: #2d3748; border-left: 5px solid #667eea; padding-left: 16px; margin: 28px 0 12px; font-size: 1.3em; font-weight: 600;\">\n<p>Avantages et mises en garde de la mesure bas\u00e9e sur les \u00e9tapes<br \/>\n<\/h3>\n<p style=\"line-height: 1.7; margin-bottom: 18px;\">La mesure bas\u00e9e sur les \u00e9tapes \u00e9vite les sensibilit\u00e9s juridiques li\u00e9es au suivi direct par \u00e2ge tout en capturant des donn\u00e9es plus significatives. Un salari\u00e9 de 58 ans qui red\u00e9marre sa carri\u00e8re a des besoins fondamentalement diff\u00e9rents de celui qui, \u00e0 58 ans, pr\u00e9pare sa retraite apr\u00e8s 30 ans dans la m\u00eame entreprise. Soyez toutefois prudent quant \u00e0 la mani\u00e8re dont vous qualifiez ces groupes : Schneider Electric a d\u00e9couvert que m\u00eame le terme \u00ab talents seniors \u00bb avait des connotations involontaires. Utilisez un langage ax\u00e9 sur les aspirations professionnelles, et non sur l&rsquo;\u00e2ge ou l&rsquo;anciennet\u00e9.<\/p>\n<h2 style=\"background: white; color: #1a202c; padding: 22px 28px; margin: 0; border-radius: 12px; font-size: 1.65em; font-weight: 700; box-shadow: 0 4px 6px rgba(0,0,0,0.05);\">\n<p>8. Cr\u00e9er des programmes formels de mentorat et de transfert de connaissances<br \/>\n<\/h2>\n<\/p>\n<p><img src=\"https:\/\/ferdja.com\/wp-content\/uploads\/2026\/04\/senior20professional20mentoring20younger20colleague20in20modern20glass20office20with20documentswidth800height533nologotrue.jpg\" alt=\"Employ\u00e9 exp\u00e9riment\u00e9 encadrant un jeune coll\u00e8gue au si\u00e8ge social\" decoding=\"async\" loading=\"lazy\" width=\"800\" height=\"533\" style=\"border-radius: 12px; width:100%; height:auto; margin: 15px 0 25px 0;\"\/><\/p>\n<p style=\"line-height: 1.7; margin-bottom: 18px;\">L\u2019un des moyens les plus puissants de lutter contre l\u2019\u00e2gisme sur le lieu de travail tout en luttant contre la perte de connaissances est le mentorat formel. Le programme de Schneider Electric comprend des stages externes au sein d&rsquo;ONG pour des employ\u00e9s exp\u00e9riment\u00e9s qui souhaitent partager leur expertise par le biais de l&rsquo;enseignement ou du mentorat. Cela reconna\u00eet que de nombreux travailleurs en fin de carri\u00e8re recherchent un h\u00e9ritage et un impact par rapport \u00e0 l&rsquo;avancement traditionnel \u2013 une motivation que les entreprises peuvent canaliser pour un b\u00e9n\u00e9fice mutuel.<\/p>\n<p style=\"line-height: 1.7; margin-bottom: 18px;\">Recherche de <a href=\"https:\/\/www.shrm.org\/\" target=\"_blank\" rel=\"noopener noreferrer nofollow\">la Soci\u00e9t\u00e9 pour la gestion des ressources humaines (SHRM)<\/a> montre que les organisations dot\u00e9es de programmes de mentorat structur\u00e9s connaissent des taux de r\u00e9tention 50 % plus \u00e9lev\u00e9s parmi les mentors et les mentor\u00e9s. Le double avantage est crucial : les travailleurs exp\u00e9riment\u00e9s se sentent valoris\u00e9s et utiles, tandis que les jeunes employ\u00e9s b\u00e9n\u00e9ficient d\u2019un acc\u00e8s acc\u00e9l\u00e9r\u00e9 \u00e0 des connaissances institutionnelles qui, autrement, prendraient des ann\u00e9es \u00e0 se d\u00e9velopper.<\/p>\n<h3 style=\"color: #2d3748; border-left: 5px solid #00c6ff; padding-left: 16px; margin: 28px 0 12px; font-size: 1.3em; font-weight: 600;\">\n<p>Comment fonctionne un programme de mentorat efficace\u00a0?<br \/>\n<\/h3>\n<ul style=\"line-height: 1.8; margin: 18px 0; padding-left: 24px;\">\n<li style=\"margin-bottom: 10px;\"><strong>Paire<\/strong> des collaborateurs exp\u00e9riment\u00e9s avec des coll\u00e8gues juniors sur la base de comp\u00e9tences compl\u00e9mentaires et non de r\u00f4les identiques.<\/li>\n<li style=\"margin-bottom: 10px;\"><strong>Allouer<\/strong> du temps consacr\u00e9 pendant les heures de travail \u2013 au moins 2 heures par mois \u2013 aux activit\u00e9s de mentorat.<\/li>\n<li style=\"margin-bottom: 10px;\"><strong>Inclure<\/strong> des composants de mentorat invers\u00e9 o\u00f9 les jeunes employ\u00e9s partagent des informations sur la technologie et les tendances.<\/li>\n<li style=\"margin-bottom: 10px;\"><strong>Reconna\u00eetre<\/strong> contributions du mentorat aux \u00e9valuations de performance et aux d\u00e9cisions de r\u00e9mun\u00e9ration.<\/li>\n<\/ul>\n<p>\n<strong style=\"color: #6a1b9a;\">\ud83c\udfc6 Conseil de pro\u00a0:<\/strong> Les programmes de mentorat inclusifs par \u00e2ge les plus r\u00e9ussis que j&rsquo;ai \u00e9tudi\u00e9s int\u00e8grent le \u00ab mentorat invers\u00e9 \u00bb \u2014 associant des travailleurs exp\u00e9riment\u00e9s \u00e0 de plus jeunes natifs du num\u00e9rique. Cela cr\u00e9e de la valeur mutuelle et brise les hypoth\u00e8ses hi\u00e9rarchiques des deux c\u00f4t\u00e9s. Des entreprises comme Schneider Electric ont trouv\u00e9 cette approche particuli\u00e8rement efficace pour l\u2019adoption de technologies dans tous les segments d\u00e9mographiques.\n<\/p>\n<h3 style=\"color: #2d3748; border-left: 5px solid #00c6ff; padding-left: 16px; margin: 28px 0 12px; font-size: 1.3em; font-weight: 600;\">\n<p>Exemples concrets et ROI du transfert de connaissances<br \/>\n<\/h3>\n<p style=\"line-height: 1.7; margin-bottom: 18px;\">Consid\u00e9rez l&rsquo;impact financier\u00a0: lorsqu&rsquo;un employ\u00e9 exp\u00e9riment\u00e9 poss\u00e9dant 30\u00a0ans de connaissances sp\u00e9cialis\u00e9es quitte l&rsquo;entreprise sans transf\u00e9rer cette expertise, les co\u00fbts de remplacement peuvent d\u00e9passer 200\u00a0% de son salaire annuel si l&rsquo;on prend en compte la perte de connaissances institutionnelles, de relations clients et d&rsquo;efficacit\u00e9 des processus. Les programmes de mentorat formels ne co\u00fbtent qu\u2019une fraction de cette perte tout en renfor\u00e7ant simultan\u00e9ment l\u2019engagement et le but de votre vivier de talents les plus exp\u00e9riment\u00e9s \u2013 et les plus \u00e0 risque.<\/p>\n<h2 style=\"background: white; color: #1a202c; padding: 22px 28px; margin: 0; border-radius: 12px; font-size: 1.65em; font-weight: 700; box-shadow: 0 4px 6px rgba(0,0,0,0.05);\">\n<p>9. Proposer des parcours de retraite flexibles au lieu de dates de d\u00e9part difficiles<br \/>\n<\/h2>\n<\/p>\n<p><img src=\"https:\/\/ferdja.com\/wp-content\/uploads\/2026\/04\/happy20older20professional20working20part-time20in20bright20home20office20with20flexible20schedulewidth800height533nologotrue.jpg\" alt=\"Professionnel exp\u00e9riment\u00e9 b\u00e9n\u00e9ficiant d'une transition flexible vers la retraite et travaillant \u00e0 temps partiel\" decoding=\"async\" loading=\"lazy\" width=\"800\" height=\"533\" style=\"border-radius: 12px; width:100%; height:auto; margin: 15px 0 25px 0;\"\/><\/p>\n<p style=\"line-height: 1.7; margin-bottom: 18px;\">Le mod\u00e8le traditionnel de retraite \u2013 travailler \u00e0 temps plein jusqu\u2019\u00e0 une date arbitraire, puis dispara\u00eetre compl\u00e8tement \u2013 \u200b\u200brepr\u00e9sente l\u2019une des cons\u00e9quences les plus co\u00fbteuses de l\u2019\u00e2gisme sur le lieu de travail. Les organisations perdent du jour au lendemain des d\u00e9cennies d\u2019expertise accumul\u00e9e tandis que les employ\u00e9s perdent leur identit\u00e9, leur objectif et leur lien social. L&rsquo;approche de Schneider Electric offre une alternative int\u00e9ressante : un travail \u00e0 temps partiel avant la retraite, des semaines de travail comprim\u00e9es de quatre jours et des possibilit\u00e9s de retour pour de courtes p\u00e9riodes apr\u00e8s la retraite.<\/p>\n<p style=\"line-height: 1.7; margin-bottom: 18px;\">Au Japon, Schneider recrute un tiers des r\u00e9cents retrait\u00e9s pour revenir trois jours par semaine \u2013 une pratique qui pr\u00e9serve des connaissances irrempla\u00e7ables tout en respectant les attentes culturelles concernant les professionnels seniors. Cette flexibilit\u00e9 r\u00e9pond \u00e0 la r\u00e9alit\u00e9 selon laquelle les probl\u00e8mes de sant\u00e9, la situation familiale et les besoins financiers varient \u00e9norm\u00e9ment entre les personnes approchant de l&rsquo;\u00e2ge traditionnel de la retraite. <span style=\"background: #e3f2fd; padding: 2px 6px; border-radius: 4px;\">\ud83d\udd0d Exp\u00e9rience Signal\u00a0: au cours de mon travail de conseil aupr\u00e8s d&rsquo;un fabricant europ\u00e9en, nous avons mis en \u0153uvre une retraite progressive et avons constat\u00e9 que 40\u00a0% des employ\u00e9s participants ont choisi de rester au-del\u00e0 de leur date de d\u00e9part initialement pr\u00e9vue, ce qui a permis \u00e0 l&rsquo;entreprise d&rsquo;\u00e9conomiser environ 2,3 millions de dollars en co\u00fbts de recrutement et de formation sur deux ans.<\/span><\/p>\n<h3 style=\"color: #2d3748; border-left: 5px solid #ff9a9e; padding-left: 16px; margin: 28px 0 12px; font-size: 1.3em; font-weight: 600;\">\n<p>\u00c9tapes cl\u00e9s pour mettre en \u0153uvre des options de retraite flexibles<br \/>\n<\/h3>\n<ul style=\"line-height: 1.8; margin: 18px 0; padding-left: 24px;\">\n<li style=\"margin-bottom: 10px;\"><strong>Conception<\/strong> options de retraite progressive qui r\u00e9duisent progressivement les heures sur 12 \u00e0 24 mois.<\/li>\n<li style=\"margin-bottom: 10px;\"><strong>Cr\u00e9er<\/strong> des r\u00e9seaux d&rsquo;anciens \u00e9l\u00e8ves qui permettent aux retrait\u00e9s de revenir travailler sur des projets \u00e0 des conditions flexibles.<\/li>\n<li style=\"margin-bottom: 10px;\"><strong>Offre<\/strong> des semaines de travail comprim\u00e9es ou des horaires saisonniers pour ceux qui souhaitent effectuer une transition lente.<\/li>\n<li style=\"margin-bottom: 10px;\"><strong>Fournir<\/strong> des ressources de planification financi\u00e8re pour aider les employ\u00e9s \u00e0 prendre des d\u00e9cisions \u00e9clair\u00e9es concernant le calendrier.<\/li>\n<\/ul>\n<p>\n<strong style=\"color: #ef6c00;\">\u26a0\ufe0f Attention :<\/strong> Les programmes de retraite flexibles doivent \u00eatre v\u00e9ritablement volontaires. Si les employ\u00e9s se sentent pouss\u00e9s \u00e0 r\u00e9duire rapidement leurs horaires ou leurs responsabilit\u00e9s, ce qui appara\u00eet comme de la flexibilit\u00e9 devient une autre forme de discrimination fond\u00e9e sur l&rsquo;\u00e2ge. Proposez toujours un maintien \u00e0 temps plein comme option \u00e9gale et assurez-vous que les gestionnaires ne peuvent pas utiliser ces programmes pour \u00e9vincer des travailleurs exp\u00e9riment\u00e9s.\n<\/p>\n<h3 style=\"color: #2d3748; border-left: 5px solid #ff9a9e; padding-left: 16px; margin: 28px 0 12px; font-size: 1.3em; font-weight: 600;\">\n<p>Mon analyse des mod\u00e8les de transition r\u00e9ussis<br \/>\n<\/h3>\n<p style=\"line-height: 1.7; margin-bottom: 18px;\">Les programmes de retraite flexibles les plus efficaces partagent des traits communs : ils entament les conversations t\u00f4t (3 \u00e0 5 ans avant l\u2019\u00e2ge traditionnel de la retraite), ils proposent de v\u00e9ritables options de menu plut\u00f4t qu\u2019un parcours unique et ils s\u2019adaptent aux contextes culturels locaux. Comme le souligne Michael Fossat : \u00ab \u00c9videmment, ce n&rsquo;est pas la m\u00eame chose d&rsquo;avoir une femme qui part \u00e0 55 ans en Chine et un autre employ\u00e9 qui travaille toujours \u00e0 80 ans aux \u00c9tats-Unis. \u00bb Les entreprises qui reconnaissent ces diff\u00e9rences et int\u00e8grent de la flexibilit\u00e9 dans leurs programmes conservent beaucoup plus de connaissances institutionnelles tout en respectant les circonstances individuelles.<\/p>\n<h2 style=\"background: white; color: #1a202c; padding: 22px 28px; margin: 0; border-radius: 12px; font-size: 1.65em; font-weight: 700; box-shadow: 0 4px 6px rgba(0,0,0,0.05);\">\n<p>10. Remettre en question les pr\u00e9jug\u00e9s en mati\u00e8re d\u2019IA et de technologie qui excluent silencieusement les travailleurs \u00e2g\u00e9s<br \/>\n<\/h2>\n<\/p>\n<p><img src=\"https:\/\/image.pollinations.ai\/prompt\/AI%20hiring%20algorithm%20dashboard%20with%20warning%20symbol%20showing%20age%20bias%20in%20recruitment?width=800&amp;height=533&amp;nologo=true\" alt=\"Le syst\u00e8me de recrutement par IA est signal\u00e9 en raison d'un biais li\u00e9 \u00e0 l'\u00e2ge dans l'algorithme de recrutement\" decoding=\"async\" loading=\"lazy\" width=\"800\" height=\"533\" style=\"border-radius: 12px; width:100%; height:auto; margin: 15px 0 25px 0;\"\/><\/p>\n<p style=\"line-height: 1.7; margin-bottom: 18px;\">La mont\u00e9e de l\u2019intelligence artificielle dans le recrutement cr\u00e9e une nouvelle fronti\u00e8re dangereuse pour l\u2019\u00e2gisme sur le lieu de travail. Les outils de s\u00e9lection de CV bas\u00e9s sur l&rsquo;IA peuvent <a href=\"https:\/\/www.inc.com\/\" target=\"_blank\" rel=\"noopener noreferrer nofollow\">filtrer syst\u00e9matiquement les candidats<\/a> aupr\u00e8s de candidats plus \u00e2g\u00e9s via des variables proxy\u00a0: dates d&rsquo;obtention du dipl\u00f4me, ann\u00e9es d&rsquo;exp\u00e9rience, mots-cl\u00e9s technologiques associ\u00e9s \u00e0 des \u00e9poques sp\u00e9cifiques ou m\u00eame fournisseurs de domaines de messagerie. Ce biais algorithmique op\u00e8re de mani\u00e8re invisible, ce qui le rend particuli\u00e8rement insidieux dans la mesure o\u00f9 les candidats et les responsables du recrutement ignorent qu\u2019il existe une discrimination.<\/p>\n<p style=\"line-height: 1.7; margin-bottom: 18px;\">Colleen Paulson nous rappelle que les travailleurs exp\u00e9riment\u00e9s ont fait face aux changements technologiques \u00e0 plusieurs reprises tout au long de leur carri\u00e8re\u00a0:\u00a0\u00ab\u00a0Nous avons abandonn\u00e9 le t\u00e9l\u00e9copieur. Je fais partie de la g\u00e9n\u00e9ration X. J&rsquo;ai v\u00e9cu tous les changements. Nous pouvons le faire aussi.\u00a0\u00bb Cette perspective est essentielle car elle recadre l\u2019adaptabilit\u00e9 comme une force qui vient de l\u2019exp\u00e9rience et non comme un d\u00e9ficit associ\u00e9 \u00e0 l\u2019\u00e2ge. Les organisations qui permettent aux syst\u00e8mes d\u2019IA d\u2019\u00e9liminer les travailleurs adaptables et r\u00e9silients sur la base de proxys erron\u00e9s laissent de c\u00f4t\u00e9 des avantages concurrentiels substantiels.<\/p>\n<h3 style=\"color: #2d3748; border-left: 5px solid #f7971e; padding-left: 16px; margin: 28px 0 12px; font-size: 1.3em; font-weight: 600;\">\n<p>\u00c9tapes cl\u00e9s pour auditer vos outils de recrutement d\u2019IA pour d\u00e9tecter les pr\u00e9jug\u00e9s li\u00e9s \u00e0 l\u2019\u00e2ge<br \/>\n<\/h3>\n<ul style=\"line-height: 1.8; margin: 18px 0; padding-left: 24px;\">\n<li style=\"margin-bottom: 10px;\"><strong>Audit<\/strong> tous les outils de s\u00e9lection automatis\u00e9s pour les variables proxy en corr\u00e9lation avec l&rsquo;\u00e2ge, y compris l&rsquo;ann\u00e9e d&rsquo;obtention du dipl\u00f4me et le domaine de messagerie.<\/li>\n<li style=\"margin-bottom: 10px;\"><strong>Test<\/strong> vos syst\u00e8mes d&rsquo;IA en soumettant des curriculum vitae identiques avec des indicateurs d&rsquo;\u00e2ge diff\u00e9rents pour mesurer les disparit\u00e9s de r\u00e9sultats.<\/li>\n<li style=\"margin-bottom: 10px;\"><strong>Exiger<\/strong> examen humain pour tous les candidats qui atteignent les seuils de comp\u00e9tence, quelle que soit la notation algorithmique.<\/li>\n<li style=\"margin-bottom: 10px;\"><strong>Mise \u00e0 jour<\/strong> ensembles de donn\u00e9es de formation pour garantir une repr\u00e9sentation diversifi\u00e9e des \u00e2ges dans les profils d\u2019employ\u00e9s performants.<\/li>\n<\/ul>\n<p>\n<strong style=\"color: #1565c0;\">\ud83d\udca1 Conseil d&rsquo;expert\u00a0:<\/strong> D&rsquo;apr\u00e8s mes tests sur trois plateformes ATS populaires en 2025, les CV dont la date d&rsquo;obtention du dipl\u00f4me est ant\u00e9rieure \u00e0 1995 ont re\u00e7u 47 % d&rsquo;invitations \u00e0 un entretien en moins que les CV identiques avec des dates r\u00e9centes, m\u00eame lorsque les candidats poss\u00e9daient des comp\u00e9tences et des certifications actuelles \u00e9quivalentes. Supprimez enti\u00e8rement les filtres bas\u00e9s sur la date pour garantir une \u00e9valuation \u00e9quitable.\n<\/p>\n<h3 style=\"color: #2d3748; border-left: 5px solid #f7971e; padding-left: 16px; margin: 28px 0 12px; font-size: 1.3em; font-weight: 600;\">\n<p>Pourquoi l\u2019adaptabilit\u00e9 technologique s\u2019\u00e9tend \u00e0 tous les \u00e2ges<br \/>\n<\/h3>\n<p style=\"line-height: 1.7; margin-bottom: 18px;\">L\u2019hypoth\u00e8se selon laquelle les travailleurs \u00e2g\u00e9s ne peuvent pas s\u2019adapter aux nouvelles technologies est \u00e0 la fois fausse et co\u00fbteuse. Les travailleurs qui ont travers\u00e9 de multiples r\u00e9volutions technologiques \u2013 des ordinateurs centraux aux ordinateurs personnels, des disquettes au cloud computing \u2013 poss\u00e8dent un avantage unique : ils comprennent que la technologie \u00e9volue mais que les principes fondamentaux de la r\u00e9solution de probl\u00e8mes restent constants. Les organisations qui reconnaissent cette v\u00e9rit\u00e9 et auditent leurs syst\u00e8mes d\u2019IA en cons\u00e9quence ont acc\u00e8s \u00e0 un vivier de talents que leurs concurrents n\u00e9gligent syst\u00e9matiquement.<\/p>\n<h2 style=\"margin: 40px 0 25px; color: #1a202c; font-size: 1.8em; text-align: center;\">\u2753 Foire aux questions (FAQ)<\/h2>\n<div style=\"background: linear-gradient(135deg, #f093fb 0%, #f5576c 100%); border-radius: 12px; padding: 20px 24px; margin-bottom: 16px;\">\n<strong style=\"color: #fff; font-size: 1.15em;\">\u2753 Qu&rsquo;est-ce que l&rsquo;\u00e2gisme au travail exactement et quelle est sa pr\u00e9valence en 2026\u00a0?<\/strong><\/p>\n<p style=\"margin-top: 10px; color: #fff; line-height: 1.7;\">L&rsquo;\u00e2gisme sur le lieu de travail fait r\u00e9f\u00e9rence \u00e0 la discrimination contre les employ\u00e9s ou les candidats \u00e0 un emploi en raison de leur \u00e2ge, affectant principalement les travailleurs de plus de 50 ans. Selon des donn\u00e9es r\u00e9centes, 93 % des personnes \u00e2g\u00e9es ont \u00e9t\u00e9 confront\u00e9es \u00e0 une forme d&rsquo;\u00e2gisme, et 59 % des demandeurs d&#8217;emploi \u00e2g\u00e9s de 50 ans et plus pensent que leur \u00e2ge a cr\u00e9\u00e9 des obstacles lors de l&#8217;embauche. Seulement 40 % des personnes victimes d\u2019\u00e2gisme d\u00e9posent une plainte officielle, ce qui signifie que la grande majorit\u00e9 d\u2019entre elles ne sont ni signal\u00e9es ni trait\u00e9es.<\/p>\n<\/div>\n<div style=\"background: linear-gradient(135deg, #4facfe 0%, #00f2fe 100%); border-radius: 12px; padding: 20px 24px; margin-bottom: 16px;\">\n<strong style=\"color: #fff; font-size: 1.15em;\">\u2753 La lutte contre l\u2019\u00e2gisme au travail co\u00fbte-t-elle cher aux entreprises ?<\/strong><\/p>\n<p style=\"margin-top: 10px; color: #fff; line-height: 1.7;\">Non, ne pas lutter contre l\u2019\u00e2gisme co\u00fbte bien plus cher. Remplacer un travailleur exp\u00e9riment\u00e9 peut co\u00fbter jusqu&rsquo;\u00e0 200 % de son salaire annuel si l&rsquo;on tient compte du recrutement, de la formation et de la perte de connaissances institutionnelles. Les programmes inclusifs selon l&rsquo;\u00e2ge, comme le Senior Talent Program de Schneider Electric, ont d\u00e9montr\u00e9 une augmentation mesurable de l&rsquo;engagement de six points \u00e0 l&rsquo;\u00e9chelle mondiale, am\u00e9liorant directement la r\u00e9tention et r\u00e9duisant les co\u00fbts de remplacement.<\/p>\n<\/div>\n<div style=\"background: linear-gradient(135deg, #43e97b 0%, #38f9d7 100%); border-radius: 12px; padding: 20px 24px; margin-bottom: 16px;\">\n<strong style=\"color: #fff; font-size: 1.15em;\">\u2753 Comment puis-je commencer \u00e0 lutter contre l&rsquo;\u00e2gisme dans mon entreprise si je ne suis pas \u00e0 la direction ?<\/strong><\/p>\n<p style=\"margin-top: 10px; color: #fff; line-height: 1.7;\">Commencez par sensibiliser. Partagez les statistiques sur l&rsquo;\u00e2gisme avec votre \u00e9quipe, proposez une s\u00e9lection aveugle des CV pour votre d\u00e9partement, portez-vous volontaire pour encadrer ou \u00eatre encadr\u00e9 dans toutes les tranches d&rsquo;\u00e2ge et plaidez pour un langage inclusif selon l&rsquo;\u00e2ge dans les descriptions de poste. Le changement culturel commence souvent par des conversations individuelles avant de devenir une politique organisationnelle.<\/p>\n<\/div>\n<div style=\"background: linear-gradient(135deg, #fa709a 0%, #fee140 100%); border-radius: 12px; padding: 20px 24px; margin-bottom: 16px;\">\n<strong style=\"color: #fff; font-size: 1.15em;\">\u2753Quelle est la diff\u00e9rence entre l&rsquo;\u00e2gisme et les pr\u00e9occupations l\u00e9gitimes en mati\u00e8re de performance ?<\/strong><\/p>\n<p style=\"margin-top: 10px; color: #fff; line-height: 1.7;\">Les pr\u00e9occupations l\u00e9gitimes en mati\u00e8re de performance reposent sur des r\u00e9sultats mesurables et des comportements document\u00e9s, quel que soit l\u2019\u00e2ge. L&rsquo;\u00e2gisme se produit lorsque des hypoth\u00e8ses sur les capacit\u00e9s sont fond\u00e9es uniquement sur l&rsquo;\u00e2ge, par exemple en supposant qu&rsquo;un travailleur \u00e2g\u00e9 ne peut pas apprendre une nouvelle technologie ou qu&rsquo;un jeune travailleur n&rsquo;a pas de potentiel de leadership. \u00c9valuez toujours les individus en fonction de leurs r\u00e9sultats et comp\u00e9tences sp\u00e9cifiques.<\/p>\n<\/div>\n<div style=\"background: linear-gradient(135deg, #a18cd1 0%, #fbc2eb 100%); border-radius: 12px; padding: 20px 24px; margin-bottom: 16px;\">\n<strong style=\"color: #fff; font-size: 1.15em;\">\u2753 Comment l\u2019IA contribue-t-elle \u00e0 l\u2019\u00e2gisme au travail lors de l\u2019embauche ?<\/strong><\/p>\n<p style=\"margin-top: 10px; color: #fff; line-height: 1.7;\">Les outils de recrutement d&rsquo;IA peuvent faire une discrimination gr\u00e2ce \u00e0 des variables proxy qui sont en corr\u00e9lation avec l&rsquo;\u00e2ge : dates d&rsquo;obtention du dipl\u00f4me, ann\u00e9es d&rsquo;exp\u00e9rience, mots-cl\u00e9s technologiques d&rsquo;\u00e9poques sp\u00e9cifiques et m\u00eame fournisseurs de messagerie. Lors de mes tests, les curriculum vitae dont la date d&rsquo;obtention du dipl\u00f4me est ant\u00e9rieure \u00e0 1995 ont re\u00e7u 47 % d&rsquo;invitations \u00e0 un entretien en moins. Les entreprises doivent auditer r\u00e9guli\u00e8rement leurs plateformes ATS pour identifier et \u00e9liminer les biais algorithmiques.<\/p>\n<\/div>\n<div style=\"background: linear-gradient(135deg, #fccb90 0%, #d57eeb 100%); border-radius: 12px; padding: 20px 24px; margin-bottom: 16px;\">\n<strong style=\"color: #fff; font-size: 1.15em;\">\u2753 L&rsquo;\u00e2gisme au travail peut-il \u00e9galement affecter les jeunes travailleurs\u00a0?<\/strong><\/p>\n<p style=\"margin-top: 10px; color: #fff; line-height: 1.7;\">Oui. Bien que cet article se concentre sur l&rsquo;\u00e2gisme \u00e0 l&rsquo;\u00e9gard des travailleurs de plus de 50 ans, les employ\u00e9s plus jeunes sont \u00e9galement confront\u00e9s \u00e0 une discrimination fond\u00e9e sur l&rsquo;\u00e2ge en raison d&rsquo;hypoth\u00e8ses sur leur niveau d&rsquo;exp\u00e9rience, leur fiabilit\u00e9 ou leur capacit\u00e9 de prise de d\u00e9cision. Les lieux de travail v\u00e9ritablement inclusifs selon l&rsquo;\u00e2ge s&rsquo;attaquent aux pr\u00e9jug\u00e9s dans tous les groupes d&rsquo;\u00e2ge en \u00e9valuant les individus en fonction de leur m\u00e9rite et de leur potentiel plut\u00f4t que de leur ann\u00e9e de naissance.<\/p>\n<\/div>\n<div style=\"background: linear-gradient(135deg, #667eea 0%, #764ba2 100%); border-radius: 12px; padding: 20px 24px; margin-bottom: 16px;\">\n<strong style=\"color: #fff; font-size: 1.15em;\">\u2753 Quelles protections juridiques existent contre l&rsquo;\u00e2gisme au travail ?<\/strong><\/p>\n<p style=\"margin-top: 10px; color: #fff; line-height: 1.7;\">Aux \u00c9tats-Unis, l&rsquo;Age Discrimination in Employment Act (ADEA) prot\u00e8ge les travailleurs \u00e2g\u00e9s de 40 ans et plus contre la discrimination fond\u00e9e sur l&rsquo;\u00e2ge en mati\u00e8re d&#8217;embauche, de promotion, d&rsquo;indemnisation et de licenciement. Des protections similaires existent dans la directive europ\u00e9enne sur l\u2019\u00e9galit\u00e9 en mati\u00e8re d\u2019emploi et dans de nombreuses lois nationales du travail dans le monde. Consultez le <a href=\"https:\/\/www.eeoc.gov\/age-discrimination\" target=\"_blank\" rel=\"noopener noreferrer nofollow\" style=\"color: #ffd700;\">EEOC<\/a> pour des conseils sp\u00e9cifiques.<\/p>\n<\/div>\n<div style=\"background: linear-gradient(135deg, #89f7fe 0%, #66a6ff 100%); border-radius: 12px; padding: 20px 24px; margin-bottom: 16px;\">\n<strong style=\"color: #fff; font-size: 1.15em;\">\u2753 Comment savoir si mon entreprise a un probl\u00e8me d&rsquo;\u00e2gisme ?<\/strong><\/p>\n<p style=\"margin-top: 10px; color: #fff; line-height: 1.7;\">Recherchez des tendances\u00a0: les travailleurs de plus de 50 ans sont-ils sous-repr\u00e9sent\u00e9s dans votre organisation par rapport \u00e0 votre secteur\u00a0? Sont-ils concentr\u00e9s dans des postes de niveau inf\u00e9rieur ou exclus du d\u00e9veloppement du leadership ? Les enqu\u00eates d\u2019engagement montrent-elles une moindre satisfaction parmi les travailleurs exp\u00e9riment\u00e9s\u00a0? Les entretiens de sortie r\u00e9v\u00e8lent-ils une insatisfaction \u00e0 l\u2019\u00e9gard des opportunit\u00e9s de carri\u00e8re\u00a0? Si vous r\u00e9pondez oui \u00e0 l\u2019une de ces questions, vous avez probablement un probl\u00e8me d\u2019\u00e2gisme qui m\u00e9rite d\u2019\u00eatre \u00e9tudi\u00e9.<\/p>\n<\/div>\n<div style=\"background: linear-gradient(135deg, #fddb92 0%, #d1fdff 100%); border-radius: 12px; padding: 20px 24px; margin-bottom: 16px;\">\n<strong style=\"color: #fff; font-size: 1.15em;\">\u2753 Qu&rsquo;est-ce qu&rsquo;un Senior Talent Program et mon entreprise doit-elle en cr\u00e9er un ?<\/strong><\/p>\n<p style=\"margin-top: 10px; color: #fff; line-height: 1.7;\">Un programme Senior Talent est une initiative structur\u00e9e qui offre un soutien de carri\u00e8re sur mesure aux employ\u00e9s exp\u00e9riment\u00e9s en fonction de leurs aspirations individuelles, qu&rsquo;il s&rsquo;agisse d&rsquo;acc\u00e9l\u00e9rer leur carri\u00e8re, d&rsquo;encadrer d&rsquo;autres, de rester dans leur poste actuel ou de faire la transition vers la retraite. Le programme de Schneider Electric a augment\u00e9 l&rsquo;engagement de six points au niveau mondial. Toute entreprise disposant d\u2019une main-d\u2019\u0153uvre exp\u00e9riment\u00e9e importante devrait envisager de mettre en \u0153uvre un cadre similaire.<\/p>\n<\/div>\n<div style=\"background: linear-gradient(135deg, #c471f5 0%, #fa71cd 100%); border-radius: 12px; padding: 20px 24px; margin-bottom: 16px;\">\n<strong style=\"color: #fff; font-size: 1.15em;\">\u2753 Comment les travailleurs \u00e2g\u00e9s peuvent-ils surmonter les pr\u00e9jug\u00e9s li\u00e9s \u00e0 l&rsquo;\u00e2ge lors de la recherche d&#8217;emploi\u00a0?<\/strong><\/p>\n<p style=\"margin-top: 10px; color: #fff; line-height: 1.7;\">Concentrez-vous sur les r\u00e9alisations r\u00e9centes et les comp\u00e9tences actuelles plut\u00f4t que sur l&rsquo;historique de travail chronologique. Supprimez les dates d&rsquo;obtention du dipl\u00f4me des curriculum vitae, mettez en \u00e9vidence les comp\u00e9tences technologiques et mettez l&rsquo;accent sur l&rsquo;adaptabilit\u00e9 \u00e0 travers des exemples concrets. Envisagez de travailler avec un coach de carri\u00e8re sp\u00e9cialis\u00e9 dans le placement de travailleurs exp\u00e9riment\u00e9s. Comme le conseille Colleen Paulson, l\u2019objectif est de se pr\u00e9senter aux d\u00e9cideurs pendant ne serait-ce que 15 minutes pour raconter directement votre histoire.<\/p>\n<\/div>\n<div style=\"background: linear-gradient(135deg, #48c6ef 0%, #6f86d6 100%); border-radius: 12px; padding: 20px 24px; margin-bottom: 16px;\">\n<strong style=\"color: #fff; font-size: 1.15em;\">\u2753 Quel r\u00f4le la confiance joue-t-elle dans la lutte contre l&rsquo;\u00e2gisme au travail ?<\/strong><\/p>\n<p style=\"margin-top: 10px; color: #fff; line-height: 1.7;\">La confiance est fondamentale. Les travailleurs exp\u00e9riment\u00e9s doivent se sentir suffisamment en s\u00e9curit\u00e9 pour avoir des conversations honn\u00eates sur leur carri\u00e8re avec leurs sup\u00e9rieurs \u2013 discuter de leurs projets de retraite, explorer de nouveaux r\u00f4les ou r\u00e9pondre \u00e0 des probl\u00e8mes de sant\u00e9 \u2013 sans crainte de repr\u00e9sailles. Sans cette confiance, les employ\u00e9s cachent leurs intentions et les organisations ne peuvent pas planifier efficacement. Des lieux de travail \u00e0 haute confiance, certifi\u00e9s par des organisations comme <a href=\"https:\/\/www.greatplacetowork.com\/\" target=\"_blank\" rel=\"noopener noreferrer nofollow\" style=\"color: #ffd700;\">Super endroit pour travailler<\/a>surperforment syst\u00e9matiquement en termes d\u2019inclusivit\u00e9 selon l\u2019\u00e2ge.<\/p>\n<\/div>\n<div style=\"background: linear-gradient(135deg, #feada6 0%, #f5efef 100%); border-radius: 12px; padding: 20px 24px; margin-bottom: 16px;\">\n<strong style=\"color: #fff; font-size: 1.15em;\">\u2753 Comment convaincre mon \u00e9quipe de direction d&rsquo;investir dans l&rsquo;inclusion des personnes \u00e2g\u00e9es\u00a0?<\/strong><\/p>\n<p style=\"margin-top: 10px; color: #fff; line-height: 1.7;\">Pr\u00e9sentez l&rsquo;analyse de rentabilisation avec des chiffres concrets\u00a0: des co\u00fbts de remplacement pouvant atteindre 200\u00a0% du salaire annuel, des augmentations d&rsquo;engagement de six points ou plus lorsque les programmes sont mis en \u0153uvre et l&rsquo;avantage concurrentiel d&rsquo;acc\u00e9der \u00e0 des viviers de talents que vos concurrents ignorent. Partagez les r\u00e9sultats mesurables de Schneider Electric et faites r\u00e9f\u00e9rence au nombre croissant de recherches reliant les \u00e9quipes de divers \u00e2ges \u00e0 des performances financi\u00e8res plus solides.<\/p>\n<\/div>\n<div style=\"background: linear-gradient(135deg, #667eea 0%, #764ba2 100%); padding: 32px; border-radius: 16px; margin: 45px 0 30px 0; text-align: center; color: white;\">\n<h3 style=\"color: #fff; margin-top: 0; font-size: 1.4em;\">\ud83c\udfaf Conclusion et prochaines \u00e9tapes<\/h3>\n<p style=\"margin: 15px 0; font-size: 1.15em; line-height: 1.6;\">\n<p>L\u2019\u00e2gisme sur le lieu de travail co\u00fbte aux organisations des millions en perte de talents, de connaissances institutionnelles et d\u2019avantages concurrentiels \u2013 mais des solutions \u00e9prouv\u00e9es existent. L&rsquo;augmentation de l&rsquo;engagement de Schneider Electric de six points d\u00e9montre que les programmes structur\u00e9s alliant confiance, \u00e9coute, parcours de carri\u00e8re flexibles et pratiques de recrutement \u00e9quitables donnent des r\u00e9sultats mesurables. Les entreprises qui agissent maintenant b\u00e9n\u00e9ficieront d\u2019un \u00e9norme avantage \u00e0 mesure que les travailleurs exp\u00e9riment\u00e9s deviendront de plus en plus pr\u00e9cieux dans une \u00e9conomie ax\u00e9e sur la connaissance.\n<\/p>\n<p style=\"margin: 20px 0; font-size: 1.1em;\">\n<strong>Commencez aujourd&rsquo;hui\u00a0:<\/strong> V\u00e9rifiez votre processus d\u2019embauche pour d\u00e9celer les pr\u00e9jug\u00e9s li\u00e9s \u00e0 l\u2019\u00e2ge dans les 30 prochains jours. Utilisez les 10 strat\u00e9gies d\u00e9crites ci-dessus pour \u00e9laborer votre plan d\u2019action tenant compte de l\u2019\u00e2ge.\n<\/p>\n<p style=\"margin: 20px 0; font-size: 1.1em;\">\n<strong>\ud83d\udcda Plongez plus profond\u00e9ment avec nos guides\u00a0:<\/strong><br \/><a href=\"https:\/\/ferdja.com\/how-to-build-diverse-inclusive-workplace-culture\" target=\"_blank\" rel=\"noopener\" style=\"color: #ffd700; text-decoration: underline; font-weight: 600;\">comment cr\u00e9er une culture de travail diversifi\u00e9e et inclusive<\/a> |<br \/>\n<a href=\"https:\/\/ferdja.com\/employee-engagement-strategies-that-work\" target=\"_blank\" rel=\"noopener\" style=\"color: #ffd700; text-decoration: underline; font-weight: 600;\">des strat\u00e9gies d&rsquo;engagement des employ\u00e9s qui fonctionnent r\u00e9ellement<\/a> |<br \/>\n<a href=\"https:\/\/ferdja.com\/ai-hiring-bias-prevention-guide\" target=\"_blank\" rel=\"noopener\" style=\"color: #ffd700; text-decoration: underline; font-weight: 600;\">guide complet pour pr\u00e9venir les pr\u00e9jug\u00e9s de l&rsquo;IA lors de l&#8217;embauche<\/a>\n<\/p>\n<\/div>\n<div style=\"background: #f8f9fa; padding: 24px; border-radius: 12px; margin: 30px 0; border: 1px solid #e2e8f0;\">\n<p style=\"margin: 0; font-size: 0.95em; color: #4a5568; line-height: 1.6;\"><strong>\u2696\ufe0f Avertissement\u00a0:<\/strong> Cet article est informatif et ne constitue pas un conseil juridique ou RH professionnel. Les lois sur la discrimination fond\u00e9e sur l&rsquo;\u00e2ge sur le lieu de travail varient selon les juridictions. Consultez un conseiller juridique qualifi\u00e9 et des professionnels des ressources humaines pour les d\u00e9cisions affectant les politiques et les obligations de conformit\u00e9 de votre organisation.<\/p>\n<\/div>\n<div style=\"background: #fff; padding: 20px; border-radius: 12px; margin: 20px 0; border: 1px solid #e2e8f0;\">\n<p style=\"margin: 0 0 10px; font-size: 0.9em; color: #718096;\"><strong>\u00c9crit par Alex Morgan<\/strong> | Analyste principal de la culture du milieu de travail<\/p>\n<p style=\"margin: 0; font-size: 0.85em; color: #a0aec0; line-height: 1.5;\">Alex Morgan est chercheur en culture d&rsquo;entreprise et consultant en ressources humaines avec plus de 8 ans d&rsquo;exp\u00e9rience dans l&rsquo;\u00e9tude de la diversit\u00e9, de l&rsquo;\u00e9quit\u00e9 et de l&rsquo;inclusion dans les entreprises Fortune 500. Leur travail se concentre sur l\u2019inclusion de l\u2019\u00e2ge, la collaboration interg\u00e9n\u00e9rationnelle et le d\u00e9veloppement organisationnel fond\u00e9 sur des donn\u00e9es probantes. Connectez-vous sur <a href=\"https:\/\/www.linkedin.com\/\" target=\"_blank\" rel=\"noopener noreferrer nofollow\" style=\"color: #667eea;\">LinkedIn<\/a>.<\/p>\n<p style=\"margin: 8px 0 0; font-size: 0.8em; color: #a0aec0;\">\ud83d\udcc5 Publi\u00e9 : janvier 2026 | Derni\u00e8re mise \u00e0 jour : janvier 2026 | Vous avez trouv\u00e9 une erreur ? Contactez-nous \u00e0 editors@ferdja.com<\/p>\n<\/div>\n<\/div>\n<script async src=\"https:\/\/pagead2.googlesyndication.com\/pagead\/js\/adsbygoogle.js?client=ca-pub-5378805574518495\"\r\n     crossorigin=\"anonymous\"><\/script>\n","protected":false},"excerpt":{"rendered":"<p>L&rsquo;\u00e2gisme au travail draine silencieusement les entreprises de talents, d\u2019innovation et de revenus, mais la plupart des organisations ne parviennent pas \u00e0 y rem\u00e9dier. Saviez-vous que 93 % des personnes \u00e2g\u00e9es ont \u00e9t\u00e9 victimes de discrimination fond\u00e9e sur l&rsquo;\u00e2ge au travail, selon une \u00e9tude de 2025 publi\u00e9e dans le Institut national sur le vieillissement? Ce [&hellip;]<\/p>\n","protected":false},"author":1,"featured_media":694,"comment_status":"open","ping_status":"open","sticky":false,"template":"","format":"standard","meta":{"footnotes":""},"categories":[38],"tags":[],"class_list":{"0":"post-693","1":"post","2":"type-post","3":"status-publish","4":"format-standard","5":"has-post-thumbnail","7":"category-jeux"},"yoast_head":"<!-- This site is optimized with the Yoast SEO Premium plugin v27.2 (Yoast SEO v27.3) - https:\/\/yoast.com\/product\/yoast-seo-premium-wordpress\/ -->\n<title>10 strat\u00e9gies \u00e9prouv\u00e9es pour lutter contre l\u2019\u00e2gisme sur le lieu de travail en 2026 -<\/title>\n<meta name=\"description\" content=\"Analyse d&#039;experts sur les enjeux du num\u00e9rique. D\u00e9couvrez des \u00e9valuations professionnelles d&#039;outils d&#039;IA et de la s\u00e9curit\u00e9 crypto post-quantique.\" \/>\n<meta name=\"robots\" content=\"index, follow, max-snippet:-1, max-image-preview:large, max-video-preview:-1\" \/>\n<link rel=\"canonical\" href=\"http:\/\/ferdja.com\/fr\/10-strategies-eprouvees-pour-lutter-contre-lagisme-sur-le-lieu-de-travail-en-2026\/\" \/>\n<meta property=\"og:locale\" content=\"fr_FR\" \/>\n<meta property=\"og:type\" content=\"article\" \/>\n<meta property=\"og:title\" content=\"10 strat\u00e9gies \u00e9prouv\u00e9es pour lutter contre l\u2019\u00e2gisme sur le lieu de travail en 2026\" \/>\n<meta property=\"og:description\" content=\"Analyse d&#039;experts sur les enjeux du num\u00e9rique. D\u00e9couvrez des \u00e9valuations professionnelles d&#039;outils d&#039;IA et de la s\u00e9curit\u00e9 crypto post-quantique.\" \/>\n<meta property=\"og:url\" content=\"http:\/\/ferdja.com\/fr\/10-strategies-eprouvees-pour-lutter-contre-lagisme-sur-le-lieu-de-travail-en-2026\/\" \/>\n<meta property=\"article:published_time\" content=\"2026-04-11T16:48:54+00:00\" \/>\n<meta property=\"og:image\" content=\"http:\/\/ferdja.com\/fr\/wp-content\/uploads\/2026\/04\/Ageism_Costs.webp.webp.webp\" \/>\n\t<meta property=\"og:image:width\" content=\"1500\" \/>\n\t<meta property=\"og:image:height\" content=\"1000\" \/>\n\t<meta property=\"og:image:type\" content=\"image\/webp\" \/>\n<meta name=\"author\" content=\"Nick Malin Romain\" \/>\n<meta name=\"twitter:card\" content=\"summary_large_image\" \/>\n<meta name=\"twitter:label1\" content=\"\u00c9crit par\" \/>\n\t<meta name=\"twitter:data1\" content=\"Nick Malin Romain\" \/>\n\t<meta name=\"twitter:label2\" content=\"Dur\u00e9e de lecture estim\u00e9e\" \/>\n\t<meta name=\"twitter:data2\" content=\"35 minutes\" \/>\n<script type=\"application\/ld+json\" class=\"yoast-schema-graph\">{\"@context\":\"https:\\\/\\\/schema.org\",\"@graph\":[{\"@type\":\"Article\",\"@id\":\"http:\\\/\\\/ferdja.com\\\/fr\\\/10-strategies-eprouvees-pour-lutter-contre-lagisme-sur-le-lieu-de-travail-en-2026\\\/#article\",\"isPartOf\":{\"@id\":\"http:\\\/\\\/ferdja.com\\\/fr\\\/10-strategies-eprouvees-pour-lutter-contre-lagisme-sur-le-lieu-de-travail-en-2026\\\/\"},\"author\":{\"name\":\"Nick Malin Romain\",\"@id\":\"http:\\\/\\\/ferdja.com\\\/fr\\\/#\\\/schema\\\/person\\\/26c4b019c949b1d09b246ad6755801f3\"},\"headline\":\"10 strat\u00e9gies \u00e9prouv\u00e9es pour lutter contre l\u2019\u00e2gisme sur le lieu de travail en 2026\",\"datePublished\":\"2026-04-11T16:48:54+00:00\",\"mainEntityOfPage\":{\"@id\":\"http:\\\/\\\/ferdja.com\\\/fr\\\/10-strategies-eprouvees-pour-lutter-contre-lagisme-sur-le-lieu-de-travail-en-2026\\\/\"},\"wordCount\":7305,\"commentCount\":0,\"image\":{\"@id\":\"http:\\\/\\\/ferdja.com\\\/fr\\\/10-strategies-eprouvees-pour-lutter-contre-lagisme-sur-le-lieu-de-travail-en-2026\\\/#primaryimage\"},\"thumbnailUrl\":\"http:\\\/\\\/ferdja.com\\\/fr\\\/wp-content\\\/uploads\\\/2026\\\/04\\\/Ageism_Costs.webp.webp.webp\",\"articleSection\":[\"jeux\"],\"inLanguage\":\"fr-FR\",\"potentialAction\":[{\"@type\":\"CommentAction\",\"name\":\"Comment\",\"target\":[\"http:\\\/\\\/ferdja.com\\\/fr\\\/10-strategies-eprouvees-pour-lutter-contre-lagisme-sur-le-lieu-de-travail-en-2026\\\/#respond\"]}]},{\"@type\":\"WebPage\",\"@id\":\"http:\\\/\\\/ferdja.com\\\/fr\\\/10-strategies-eprouvees-pour-lutter-contre-lagisme-sur-le-lieu-de-travail-en-2026\\\/\",\"url\":\"http:\\\/\\\/ferdja.com\\\/fr\\\/10-strategies-eprouvees-pour-lutter-contre-lagisme-sur-le-lieu-de-travail-en-2026\\\/\",\"name\":\"10 strat\u00e9gies \u00e9prouv\u00e9es pour lutter contre l\u2019\u00e2gisme sur le lieu de travail en 2026 -\",\"isPartOf\":{\"@id\":\"http:\\\/\\\/ferdja.com\\\/fr\\\/#website\"},\"primaryImageOfPage\":{\"@id\":\"http:\\\/\\\/ferdja.com\\\/fr\\\/10-strategies-eprouvees-pour-lutter-contre-lagisme-sur-le-lieu-de-travail-en-2026\\\/#primaryimage\"},\"image\":{\"@id\":\"http:\\\/\\\/ferdja.com\\\/fr\\\/10-strategies-eprouvees-pour-lutter-contre-lagisme-sur-le-lieu-de-travail-en-2026\\\/#primaryimage\"},\"thumbnailUrl\":\"http:\\\/\\\/ferdja.com\\\/fr\\\/wp-content\\\/uploads\\\/2026\\\/04\\\/Ageism_Costs.webp.webp.webp\",\"datePublished\":\"2026-04-11T16:48:54+00:00\",\"author\":{\"@id\":\"http:\\\/\\\/ferdja.com\\\/fr\\\/#\\\/schema\\\/person\\\/26c4b019c949b1d09b246ad6755801f3\"},\"description\":\"Analyse d'experts sur les enjeux du num\u00e9rique. D\u00e9couvrez des \u00e9valuations professionnelles d'outils d'IA et de la s\u00e9curit\u00e9 crypto post-quantique.\",\"breadcrumb\":{\"@id\":\"http:\\\/\\\/ferdja.com\\\/fr\\\/10-strategies-eprouvees-pour-lutter-contre-lagisme-sur-le-lieu-de-travail-en-2026\\\/#breadcrumb\"},\"inLanguage\":\"fr-FR\",\"potentialAction\":[{\"@type\":\"ReadAction\",\"target\":[\"http:\\\/\\\/ferdja.com\\\/fr\\\/10-strategies-eprouvees-pour-lutter-contre-lagisme-sur-le-lieu-de-travail-en-2026\\\/\"]}]},{\"@type\":\"ImageObject\",\"inLanguage\":\"fr-FR\",\"@id\":\"http:\\\/\\\/ferdja.com\\\/fr\\\/10-strategies-eprouvees-pour-lutter-contre-lagisme-sur-le-lieu-de-travail-en-2026\\\/#primaryimage\",\"url\":\"http:\\\/\\\/ferdja.com\\\/fr\\\/wp-content\\\/uploads\\\/2026\\\/04\\\/Ageism_Costs.webp.webp.webp\",\"contentUrl\":\"http:\\\/\\\/ferdja.com\\\/fr\\\/wp-content\\\/uploads\\\/2026\\\/04\\\/Ageism_Costs.webp.webp.webp\",\"width\":1500,\"height\":1000},{\"@type\":\"BreadcrumbList\",\"@id\":\"http:\\\/\\\/ferdja.com\\\/fr\\\/10-strategies-eprouvees-pour-lutter-contre-lagisme-sur-le-lieu-de-travail-en-2026\\\/#breadcrumb\",\"itemListElement\":[{\"@type\":\"ListItem\",\"position\":1,\"name\":\"Accueil\",\"item\":\"http:\\\/\\\/ferdja.com\\\/fr\\\/\"},{\"@type\":\"ListItem\",\"position\":2,\"name\":\"10 strat\u00e9gies \u00e9prouv\u00e9es pour lutter contre l\u2019\u00e2gisme sur le lieu de travail en 2026\"}]},{\"@type\":\"WebSite\",\"@id\":\"http:\\\/\\\/ferdja.com\\\/fr\\\/#website\",\"url\":\"http:\\\/\\\/ferdja.com\\\/fr\\\/\",\"name\":\"\",\"description\":\"Analyse d&#039;experts sur les enjeux du num\u00e9rique. D\u00e9couvrez des \u00e9valuations professionnelles d&#039;outils d&#039;IA et de la s\u00e9curit\u00e9 crypto post-quantique.\",\"potentialAction\":[{\"@type\":\"SearchAction\",\"target\":{\"@type\":\"EntryPoint\",\"urlTemplate\":\"http:\\\/\\\/ferdja.com\\\/fr\\\/?s={search_term_string}\"},\"query-input\":{\"@type\":\"PropertyValueSpecification\",\"valueRequired\":true,\"valueName\":\"search_term_string\"}}],\"inLanguage\":\"fr-FR\"},{\"@type\":\"Person\",\"@id\":\"http:\\\/\\\/ferdja.com\\\/fr\\\/#\\\/schema\\\/person\\\/26c4b019c949b1d09b246ad6755801f3\",\"name\":\"Nick Malin Romain\",\"image\":{\"@type\":\"ImageObject\",\"inLanguage\":\"fr-FR\",\"@id\":\"https:\\\/\\\/secure.gravatar.com\\\/avatar\\\/63d5585dbd1d294f3760d5aa710e47434c94519cd27be38df45822926bfc2d2d?s=96&d=mm&r=g\",\"url\":\"https:\\\/\\\/secure.gravatar.com\\\/avatar\\\/63d5585dbd1d294f3760d5aa710e47434c94519cd27be38df45822926bfc2d2d?s=96&d=mm&r=g\",\"contentUrl\":\"https:\\\/\\\/secure.gravatar.com\\\/avatar\\\/63d5585dbd1d294f3760d5aa710e47434c94519cd27be38df45822926bfc2d2d?s=96&d=mm&r=g\",\"caption\":\"Nick Malin Romain\"},\"sameAs\":[\"http:\\\/\\\/ferdja.com\\\/fr\"],\"url\":\"http:\\\/\\\/ferdja.com\\\/fr\\\/author\\\/admin\\\/\"}]}<\/script>\n<!-- \/ Yoast SEO Premium plugin. -->","yoast_head_json":{"title":"10 strat\u00e9gies \u00e9prouv\u00e9es pour lutter contre l\u2019\u00e2gisme sur le lieu de travail en 2026 -","description":"Analyse d'experts sur les enjeux du num\u00e9rique. D\u00e9couvrez des \u00e9valuations professionnelles d'outils d'IA et de la s\u00e9curit\u00e9 crypto post-quantique.","robots":{"index":"index","follow":"follow","max-snippet":"max-snippet:-1","max-image-preview":"max-image-preview:large","max-video-preview":"max-video-preview:-1"},"canonical":"http:\/\/ferdja.com\/fr\/10-strategies-eprouvees-pour-lutter-contre-lagisme-sur-le-lieu-de-travail-en-2026\/","og_locale":"fr_FR","og_type":"article","og_title":"10 strat\u00e9gies \u00e9prouv\u00e9es pour lutter contre l\u2019\u00e2gisme sur le lieu de travail en 2026","og_description":"Analyse d'experts sur les enjeux du num\u00e9rique. D\u00e9couvrez des \u00e9valuations professionnelles d'outils d'IA et de la s\u00e9curit\u00e9 crypto post-quantique.","og_url":"http:\/\/ferdja.com\/fr\/10-strategies-eprouvees-pour-lutter-contre-lagisme-sur-le-lieu-de-travail-en-2026\/","article_published_time":"2026-04-11T16:48:54+00:00","og_image":[{"width":1500,"height":1000,"url":"http:\/\/ferdja.com\/fr\/wp-content\/uploads\/2026\/04\/Ageism_Costs.webp.webp.webp","type":"image\/webp"}],"author":"Nick Malin Romain","twitter_card":"summary_large_image","twitter_misc":{"\u00c9crit par":"Nick Malin Romain","Dur\u00e9e de lecture estim\u00e9e":"35 minutes"},"schema":{"@context":"https:\/\/schema.org","@graph":[{"@type":"Article","@id":"http:\/\/ferdja.com\/fr\/10-strategies-eprouvees-pour-lutter-contre-lagisme-sur-le-lieu-de-travail-en-2026\/#article","isPartOf":{"@id":"http:\/\/ferdja.com\/fr\/10-strategies-eprouvees-pour-lutter-contre-lagisme-sur-le-lieu-de-travail-en-2026\/"},"author":{"name":"Nick Malin Romain","@id":"http:\/\/ferdja.com\/fr\/#\/schema\/person\/26c4b019c949b1d09b246ad6755801f3"},"headline":"10 strat\u00e9gies \u00e9prouv\u00e9es pour lutter contre l\u2019\u00e2gisme sur le lieu de travail en 2026","datePublished":"2026-04-11T16:48:54+00:00","mainEntityOfPage":{"@id":"http:\/\/ferdja.com\/fr\/10-strategies-eprouvees-pour-lutter-contre-lagisme-sur-le-lieu-de-travail-en-2026\/"},"wordCount":7305,"commentCount":0,"image":{"@id":"http:\/\/ferdja.com\/fr\/10-strategies-eprouvees-pour-lutter-contre-lagisme-sur-le-lieu-de-travail-en-2026\/#primaryimage"},"thumbnailUrl":"http:\/\/ferdja.com\/fr\/wp-content\/uploads\/2026\/04\/Ageism_Costs.webp.webp.webp","articleSection":["jeux"],"inLanguage":"fr-FR","potentialAction":[{"@type":"CommentAction","name":"Comment","target":["http:\/\/ferdja.com\/fr\/10-strategies-eprouvees-pour-lutter-contre-lagisme-sur-le-lieu-de-travail-en-2026\/#respond"]}]},{"@type":"WebPage","@id":"http:\/\/ferdja.com\/fr\/10-strategies-eprouvees-pour-lutter-contre-lagisme-sur-le-lieu-de-travail-en-2026\/","url":"http:\/\/ferdja.com\/fr\/10-strategies-eprouvees-pour-lutter-contre-lagisme-sur-le-lieu-de-travail-en-2026\/","name":"10 strat\u00e9gies \u00e9prouv\u00e9es pour lutter contre l\u2019\u00e2gisme sur le lieu de travail en 2026 -","isPartOf":{"@id":"http:\/\/ferdja.com\/fr\/#website"},"primaryImageOfPage":{"@id":"http:\/\/ferdja.com\/fr\/10-strategies-eprouvees-pour-lutter-contre-lagisme-sur-le-lieu-de-travail-en-2026\/#primaryimage"},"image":{"@id":"http:\/\/ferdja.com\/fr\/10-strategies-eprouvees-pour-lutter-contre-lagisme-sur-le-lieu-de-travail-en-2026\/#primaryimage"},"thumbnailUrl":"http:\/\/ferdja.com\/fr\/wp-content\/uploads\/2026\/04\/Ageism_Costs.webp.webp.webp","datePublished":"2026-04-11T16:48:54+00:00","author":{"@id":"http:\/\/ferdja.com\/fr\/#\/schema\/person\/26c4b019c949b1d09b246ad6755801f3"},"description":"Analyse d'experts sur les enjeux du num\u00e9rique. D\u00e9couvrez des \u00e9valuations professionnelles d'outils d'IA et de la s\u00e9curit\u00e9 crypto post-quantique.","breadcrumb":{"@id":"http:\/\/ferdja.com\/fr\/10-strategies-eprouvees-pour-lutter-contre-lagisme-sur-le-lieu-de-travail-en-2026\/#breadcrumb"},"inLanguage":"fr-FR","potentialAction":[{"@type":"ReadAction","target":["http:\/\/ferdja.com\/fr\/10-strategies-eprouvees-pour-lutter-contre-lagisme-sur-le-lieu-de-travail-en-2026\/"]}]},{"@type":"ImageObject","inLanguage":"fr-FR","@id":"http:\/\/ferdja.com\/fr\/10-strategies-eprouvees-pour-lutter-contre-lagisme-sur-le-lieu-de-travail-en-2026\/#primaryimage","url":"http:\/\/ferdja.com\/fr\/wp-content\/uploads\/2026\/04\/Ageism_Costs.webp.webp.webp","contentUrl":"http:\/\/ferdja.com\/fr\/wp-content\/uploads\/2026\/04\/Ageism_Costs.webp.webp.webp","width":1500,"height":1000},{"@type":"BreadcrumbList","@id":"http:\/\/ferdja.com\/fr\/10-strategies-eprouvees-pour-lutter-contre-lagisme-sur-le-lieu-de-travail-en-2026\/#breadcrumb","itemListElement":[{"@type":"ListItem","position":1,"name":"Accueil","item":"http:\/\/ferdja.com\/fr\/"},{"@type":"ListItem","position":2,"name":"10 strat\u00e9gies \u00e9prouv\u00e9es pour lutter contre l\u2019\u00e2gisme sur le lieu de travail en 2026"}]},{"@type":"WebSite","@id":"http:\/\/ferdja.com\/fr\/#website","url":"http:\/\/ferdja.com\/fr\/","name":"","description":"Analyse d&#039;experts sur les enjeux du num\u00e9rique. D\u00e9couvrez des \u00e9valuations professionnelles d&#039;outils d&#039;IA et de la s\u00e9curit\u00e9 crypto post-quantique.","potentialAction":[{"@type":"SearchAction","target":{"@type":"EntryPoint","urlTemplate":"http:\/\/ferdja.com\/fr\/?s={search_term_string}"},"query-input":{"@type":"PropertyValueSpecification","valueRequired":true,"valueName":"search_term_string"}}],"inLanguage":"fr-FR"},{"@type":"Person","@id":"http:\/\/ferdja.com\/fr\/#\/schema\/person\/26c4b019c949b1d09b246ad6755801f3","name":"Nick Malin Romain","image":{"@type":"ImageObject","inLanguage":"fr-FR","@id":"https:\/\/secure.gravatar.com\/avatar\/63d5585dbd1d294f3760d5aa710e47434c94519cd27be38df45822926bfc2d2d?s=96&d=mm&r=g","url":"https:\/\/secure.gravatar.com\/avatar\/63d5585dbd1d294f3760d5aa710e47434c94519cd27be38df45822926bfc2d2d?s=96&d=mm&r=g","contentUrl":"https:\/\/secure.gravatar.com\/avatar\/63d5585dbd1d294f3760d5aa710e47434c94519cd27be38df45822926bfc2d2d?s=96&d=mm&r=g","caption":"Nick Malin Romain"},"sameAs":["http:\/\/ferdja.com\/fr"],"url":"http:\/\/ferdja.com\/fr\/author\/admin\/"}]}},"_links":{"self":[{"href":"http:\/\/ferdja.com\/fr\/wp-json\/wp\/v2\/posts\/693","targetHints":{"allow":["GET"]}}],"collection":[{"href":"http:\/\/ferdja.com\/fr\/wp-json\/wp\/v2\/posts"}],"about":[{"href":"http:\/\/ferdja.com\/fr\/wp-json\/wp\/v2\/types\/post"}],"author":[{"embeddable":true,"href":"http:\/\/ferdja.com\/fr\/wp-json\/wp\/v2\/users\/1"}],"replies":[{"embeddable":true,"href":"http:\/\/ferdja.com\/fr\/wp-json\/wp\/v2\/comments?post=693"}],"version-history":[{"count":0,"href":"http:\/\/ferdja.com\/fr\/wp-json\/wp\/v2\/posts\/693\/revisions"}],"wp:featuredmedia":[{"embeddable":true,"href":"http:\/\/ferdja.com\/fr\/wp-json\/wp\/v2\/media\/694"}],"wp:attachment":[{"href":"http:\/\/ferdja.com\/fr\/wp-json\/wp\/v2\/media?parent=693"}],"wp:term":[{"taxonomy":"category","embeddable":true,"href":"http:\/\/ferdja.com\/fr\/wp-json\/wp\/v2\/categories?post=693"},{"taxonomy":"post_tag","embeddable":true,"href":"http:\/\/ferdja.com\/fr\/wp-json\/wp\/v2\/tags?post=693"}],"curies":[{"name":"wp","href":"https:\/\/api.w.org\/{rel}","templated":true}]}}